{"id":16293,"date":"2020-10-27T22:43:09","date_gmt":"2020-10-28T01:43:09","guid":{"rendered":"https:\/\/guiadenoticias.com.ar\/diario\/?p=16293"},"modified":"2020-10-27T22:43:09","modified_gmt":"2020-10-28T01:43:09","slug":"castellano-pide-mas-turnos-para-sacar-el-registro-de-conducir","status":"publish","type":"post","link":"https:\/\/guiadenoticias.com.ar\/diario\/castellano-pide-mas-turnos-para-sacar-el-registro-de-conducir\/","title":{"rendered":"Castellano pide m\u00e1s turnos para sacar el registro de conducir"},"content":{"rendered":"<p>El dirigente vecinalista de San Isidro Carlos Castellano remarc\u00f3 la necesidad de tener m\u00e1s turnos para quienes deben sacar por primera vez el registro de conductor, ya que la Comuna s\u00f3lo les asigna los domingos.<\/p>\n<p>El ex edil expres\u00f3 que \u201cen plena pandemia, muchos vecinos no pueden tomar colectivos y trenes, por eso es una gran soluci\u00f3n obtener el registro de conductor, ya sea para autos o motos\u201d.<\/p>\n<p>Y agreg\u00f3: \u201cEs una falta de solidaridad que en el medio de tantas necesidades de generar trabajo e ingresos, haya s\u00f3lo un d\u00eda para realizar el tr\u00e1mite\u201d. Concluy\u00f3 asimismo, \u201chay vecinos que les dieron turno para dentro de tres meses. Reclamamos a la Municipalidad de San Isidro que ponga m\u00e1s turnos\u201d.<\/p>\n","protected":false},"excerpt":{"rendered":"<p>El dirigente vecinalista de San Isidro Carlos Castellano remarc\u00f3 la necesidad de tener m\u00e1s turnos para quienes deben sacar por primera vez el registro de conductor, ya que la Comuna s\u00f3lo les asigna los domingos. El ex edil expres\u00f3 que \u201cen plena pandemia, muchos vecinos no pueden tomar colectivos y trenes, por eso es una [&hellip;]<\/p>\n","protected":false},"author":1,"featured_media":11587,"comment_status":"closed","ping_status":"open","sticky":false,"template":"","format":"standard","meta":{"footnotes":""},"categories":[20,48,21],"tags":[],"class_list":{"0":"post-16293","1":"post","2":"type-post","3":"status-publish","4":"format-standard","5":"has-post-thumbnail","7":"category-municipios","8":"category-politica-argentina","9":"category-san-isidro"},"aioseo_notices":[],"_links":{"self":[{"href":"https:\/\/guiadenoticias.com.ar\/diario\/wp-json\/wp\/v2\/posts\/16293","targetHints":{"allow":["GET"]}}],"collection":[{"href":"https:\/\/guiadenoticias.com.ar\/diario\/wp-json\/wp\/v2\/posts"}],"about":[{"href":"https:\/\/guiadenoticias.com.ar\/diario\/wp-json\/wp\/v2\/types\/post"}],"author":[{"embeddable":true,"href":"https:\/\/guiadenoticias.com.ar\/diario\/wp-json\/wp\/v2\/users\/1"}],"replies":[{"embeddable":true,"href":"https:\/\/guiadenoticias.com.ar\/diario\/wp-json\/wp\/v2\/comments?post=16293"}],"version-history":[{"count":1,"href":"https:\/\/guiadenoticias.com.ar\/diario\/wp-json\/wp\/v2\/posts\/16293\/revisions"}],"predecessor-version":[{"id":16294,"href":"https:\/\/guiadenoticias.com.ar\/diario\/wp-json\/wp\/v2\/posts\/16293\/revisions\/16294"}],"wp:featuredmedia":[{"embeddable":true,"href":"https:\/\/guiadenoticias.com.ar\/diario\/wp-json\/wp\/v2\/media\/11587"}],"wp:attachment":[{"href":"https:\/\/guiadenoticias.com.ar\/diario\/wp-json\/wp\/v2\/media?parent=16293"}],"wp:term":[{"taxonomy":"category","embeddable":true,"href":"https:\/\/guiadenoticias.com.ar\/diario\/wp-json\/wp\/v2\/categories?post=16293"},{"taxonomy":"post_tag","embeddable":true,"href":"https:\/\/guiadenoticias.com.ar\/diario\/wp-json\/wp\/v2\/tags?post=16293"}],"curies":[{"name":"wp","href":"https:\/\/api.w.org\/{rel}","templated":true}]}}