{"id":16308,"date":"2020-10-29T02:51:45","date_gmt":"2020-10-29T05:51:45","guid":{"rendered":"https:\/\/guiadenoticias.com.ar\/diario\/?p=16308"},"modified":"2020-10-29T02:51:45","modified_gmt":"2020-10-29T05:51:45","slug":"proyecto-de-banco-de-tierras-en-3f","status":"publish","type":"post","link":"https:\/\/guiadenoticias.com.ar\/diario\/proyecto-de-banco-de-tierras-en-3f\/","title":{"rendered":"Proyecto de Banco de Tierras en 3F"},"content":{"rendered":"<p><strong>Diego Valenzuela<\/strong>, intendente de Tres de Febrero, present\u00f3 ante el <strong>Concejo Deliberante<\/strong> un proyecto que propone crear un \u201c<strong>Banco de tierras<\/strong>\u201d para continuar con la regularizaci\u00f3n de los terrenos municipales ocupados, no ocupados y en desuso.<\/p>\n<p>La propuesta implica un sistema de registro, administraci\u00f3n y gesti\u00f3n estrat\u00e9gica de los inmuebles comunales y su objetivo es beneficiar a los vecinos y vecinas a trav\u00e9s del uso inteligente de estas reservas de tierras para aumentar la oferta de equipamiento, servicios y vivienda disponible en el distrito.<\/p>\n<p>\u201cLa iniciativa consiste en un relevamiento exhaustivo de los inmuebles, en primera instancia, para regularizar la situaci\u00f3n de viviendas ubicadas en terrenos municipales, remediando as\u00ed situaciones de informalidad de muchos a\u00f1os\u201d, detall\u00f3 Valenzuela. Y agreg\u00f3: \u201cA su vez, se ejecutar\u00e1 un Plan de Abordaje sobre dependencias municipales, a los efectos de mejorar la cercan\u00eda con el vecino en el territorio\u201d.<\/p>\n<p>Siguiendo en esta l\u00ednea, la Comuna tambi\u00e9n desarroll\u00f3 el Plan de Creaci\u00f3n de Suelo Municipal, una herramienta para incentivar la inversi\u00f3n, en pesos, en el distrito. Este programa aumentar\u00e1 la oferta de vivienda local, mejorar\u00e1 las condiciones de infraestructura y espacio p\u00fablico y permitir\u00e1 adelantar las obras necesarias para dar respuesta al crecimiento poblacional.<\/p>\n<p>Al igual que con el Derecho para el Desarrollo Urbano y H\u00e1bitat Sustentable (Plusval\u00eda), los fondos obtenidos por estas adquisiciones se destinar\u00e1n a obras de infraestructura y espacio p\u00fablico.<\/p>\n<p>\u201cQuien est\u00e9 interesado en invertir en el distrito podr\u00e1 adquirir unidades de Mayor Aprovechamiento Constructivo para, dentro de los pr\u00f3ximos 24 meses, aplicarlos a la plusval\u00eda de un proyecto que se presente para sus aprobaciones\u201d, explic\u00f3 el intendente. Adem\u00e1s, remarc\u00f3 que estas unidades estar\u00e1n previamente asociadas a una obra de infraestructura y\/o espacio p\u00fablico espec\u00edfico, de manera tal que el direccionamiento de los fondos sea \u00e1gil y transparente.<\/p>\n<p>Finalmente, la Municipalidad present\u00f3 \u201cMensura social\u201d, un procedimiento \u00e1gil y sencillo que tambi\u00e9n tiene como objetivo fomentar el reordenamiento posesorio territorial con una funci\u00f3n social.<\/p>\n<p>En este caso, el distrito acompa\u00f1ar\u00e1 a sus ciudadanos, a trav\u00e9s de una tarifa social, para que puedan acceder al plano de mensura aprobado de su casa. \u201cEl programa est\u00e1 dirigido a todos los vecinos de Tres de Febrero que apliquen al procedimiento de Regularizaci\u00f3n Dominial sancionado por la Ley 24.374\u201d, redonde\u00f3.<\/p>\n<p><em>CONFLICTO POR USURPACIONES<\/em><\/p>\n<p>Conocida la iniciativa del gobernador <strong>Axel Kicillof<\/strong>, que anunci\u00f3 el otorgamiento de un subsidio de 50 mil pesos que se canalizar\u00e1 a trav\u00e9s del Programa de Asistencia Cr\u00edtica y Habitacional, Diego Valenzuela dej\u00f3 clara su posici\u00f3n con una carta p\u00fablica.<\/p>\n<p>All\u00ed, entre otras cosas, destac\u00f3, \u201cno estoy de acuerdo con que se subsidie a las personas que toman tierras. El Estado debe hacerse presente, pero con pol\u00edticas p\u00fablicas que brinden previsibilidad y no como c\u00f3mplice de la ilegalidad. En todo caso, los recursos de todos los bonaerenses deber\u00edan destinarse a la generaci\u00f3n de trabajo, la urbanizaci\u00f3n de barrios populares, el otorgamiento cr\u00e9ditos blandos y la creaci\u00f3n de planes de vivienda\u201d.<\/p>\n<p>\u201cEn Tres de Febrero elegimos la legalidad y trabajar para resolver el problema de fondo\u201d, sostuvo. Sobre el tema se pronunciaron tambi\u00e9n el jefe comunal de Vicente L\u00f3pez, Jorge Macri, quien dijo que la Provincia se est\u00e1 tornando \u201cinvivible\u201d; y su par de San Isidro, Gustavo Posse, que desliz\u00f3, \u201ces peligroso recompensar la toma de tierras\u201d.<\/p>\n","protected":false},"excerpt":{"rendered":"<p>Diego Valenzuela, intendente de Tres de Febrero, present\u00f3 ante el Concejo Deliberante un proyecto que propone crear un \u201cBanco de tierras\u201d para continuar con la regularizaci\u00f3n de los terrenos municipales ocupados, no ocupados y en desuso. La propuesta implica un sistema de registro, administraci\u00f3n y gesti\u00f3n estrat\u00e9gica de los inmuebles comunales y su objetivo es [&hellip;]<\/p>\n","protected":false},"author":1,"featured_media":16309,"comment_status":"closed","ping_status":"open","sticky":false,"template":"","format":"standard","meta":{"footnotes":""},"categories":[20,48,26],"tags":[72],"class_list":{"0":"post-16308","1":"post","2":"type-post","3":"status-publish","4":"format-standard","5":"has-post-thumbnail","7":"category-municipios","8":"category-politica-argentina","9":"category-tres-de-febrero","10":"tag-diego-valenzuela"},"aioseo_notices":[],"_links":{"self":[{"href":"https:\/\/guiadenoticias.com.ar\/diario\/wp-json\/wp\/v2\/posts\/16308","targetHints":{"allow":["GET"]}}],"collection":[{"href":"https:\/\/guiadenoticias.com.ar\/diario\/wp-json\/wp\/v2\/posts"}],"about":[{"href":"https:\/\/guiadenoticias.com.ar\/diario\/wp-json\/wp\/v2\/types\/post"}],"author":[{"embeddable":true,"href":"https:\/\/guiadenoticias.com.ar\/diario\/wp-json\/wp\/v2\/users\/1"}],"replies":[{"embeddable":true,"href":"https:\/\/guiadenoticias.com.ar\/diario\/wp-json\/wp\/v2\/comments?post=16308"}],"version-history":[{"count":1,"href":"https:\/\/guiadenoticias.com.ar\/diario\/wp-json\/wp\/v2\/posts\/16308\/revisions"}],"predecessor-version":[{"id":16310,"href":"https:\/\/guiadenoticias.com.ar\/diario\/wp-json\/wp\/v2\/posts\/16308\/revisions\/16310"}],"wp:featuredmedia":[{"embeddable":true,"href":"https:\/\/guiadenoticias.com.ar\/diario\/wp-json\/wp\/v2\/media\/16309"}],"wp:attachment":[{"href":"https:\/\/guiadenoticias.com.ar\/diario\/wp-json\/wp\/v2\/media?parent=16308"}],"wp:term":[{"taxonomy":"category","embeddable":true,"href":"https:\/\/guiadenoticias.com.ar\/diario\/wp-json\/wp\/v2\/categories?post=16308"},{"taxonomy":"post_tag","embeddable":true,"href":"https:\/\/guiadenoticias.com.ar\/diario\/wp-json\/wp\/v2\/tags?post=16308"}],"curies":[{"name":"wp","href":"https:\/\/api.w.org\/{rel}","templated":true}]}}