{"id":16326,"date":"2020-10-30T23:23:07","date_gmt":"2020-10-31T02:23:07","guid":{"rendered":"https:\/\/guiadenoticias.com.ar\/diario\/?p=16326"},"modified":"2020-11-02T22:47:24","modified_gmt":"2020-11-03T01:47:24","slug":"concejal-vidal-cobrar-estacionamiento-no-ordena-el-transito","status":"publish","type":"post","link":"https:\/\/guiadenoticias.com.ar\/diario\/concejal-vidal-cobrar-estacionamiento-no-ordena-el-transito\/","title":{"rendered":"Concejal Vidal: \u201cCobrar estacionamiento no ordena el tr\u00e1nsito\u201d"},"content":{"rendered":"<p>Vecinos y comerciantes de Ciudadela marcharon para expresar su descontento por el Sistema de Estacionamiento Medido, cuya puesta en marcha est\u00e1 prevista para el 9 de noviembre. Tras la movilizaci\u00f3n anticiparon que los reclamos continuar\u00e1n hasta recibir respuesta del municipio.<\/p>\n<p>Acompa\u00f1\u00f3 la convocatoria Mar\u00eda del Carmen Vidal, concejal del Frente de Todos \u2013 PJ de Tres de Febrero y vecina de Ciudadela. El bloque no acompa\u00f1\u00f3 el proyecto del Ejecutivo en el Concejo Deliberante, \u201cdecimos que antes tendr\u00eda que haber implementado un ordenamiento de tr\u00e1nsito. Cobrar estacionamiento no ordena el tr\u00e1nsito\u201d, se\u00f1al\u00f3 la edil, y ampli\u00f3, \u201chay que ver c\u00f3mo se quita el tr\u00e1nsito pesado de las zonas c\u00e9ntricas, ver si hace falta cambiar el sentido de las calles, si las paradas de colectivos est\u00e1n bien ubicadas, la colocaci\u00f3n de sem\u00e1foros\u201d.<\/p>\n<p>\u201cEl centro comercial, tras varios meses de pandemia, est\u00e1 en una situaci\u00f3n preocupante &#8211; repas\u00f3 -. El hecho que les impongan un estacionamiento medido va a ocasionar que sus posibles clientes elijan ir de compras a otros lugares\u201d.<\/p>\n<p>Adem\u00e1s, Vidal cont\u00f3 que \u201clos vecinos hacen hincapi\u00e9 en que el intendente falt\u00f3 a su palabra; hab\u00eda dicho que esto no se iba a implementar hasta despu\u00e9s de la pandemia\u201d. Destac\u00f3 que Diego Valenzuela \u201cdebe tratar de darles soluciones, no agregarles problemas\u201d.<\/p>\n<p>Insisti\u00f3 con que \u201cen este momento, y transitando una pandemia, no es oportuno implementarlo en ning\u00fan barrio\u201d, ya que \u201ctodo el comercio est\u00e1 resentido. Es perjudicial aplicarle una medida que es netamente recaudatoria\u201d. Tambi\u00e9n cit\u00f3 la situaci\u00f3n de Caseros, donde est\u00e1 ubicada la Untref, universidad a la que asisten miles de personas; y desaprob\u00f3 que el proyecto s\u00f3lo contemple un lugar de estacionamiento para los frentistas.<\/p>\n<p>Consultada sobre su opini\u00f3n por los distritos vecinos que ya tienen estacionamiento medido, la concejal de Todos &#8211; PJ consider\u00f3, \u201cexiste porque antes hicieron los deberes y realizaron un ordenamiento del tr\u00e1nsito, dieron opciones para quienes no pueden pagarlo\u201d.<\/p>\n","protected":false},"excerpt":{"rendered":"<p>Vecinos y comerciantes de Ciudadela marcharon para expresar su descontento por el Sistema de Estacionamiento Medido, cuya puesta en marcha est\u00e1 prevista para el 9 de noviembre. Tras la movilizaci\u00f3n anticiparon que los reclamos continuar\u00e1n hasta recibir respuesta del municipio. Acompa\u00f1\u00f3 la convocatoria Mar\u00eda del Carmen Vidal, concejal del Frente de Todos \u2013 PJ de [&hellip;]<\/p>\n","protected":false},"author":1,"featured_media":16327,"comment_status":"closed","ping_status":"open","sticky":false,"template":"","format":"standard","meta":{"footnotes":""},"categories":[70,20,48,26],"tags":[],"class_list":{"0":"post-16326","1":"post","2":"type-post","3":"status-publish","4":"format-standard","5":"has-post-thumbnail","7":"category-las-mas-leidas","8":"category-municipios","9":"category-politica-argentina","10":"category-tres-de-febrero"},"aioseo_notices":[],"_links":{"self":[{"href":"https:\/\/guiadenoticias.com.ar\/diario\/wp-json\/wp\/v2\/posts\/16326","targetHints":{"allow":["GET"]}}],"collection":[{"href":"https:\/\/guiadenoticias.com.ar\/diario\/wp-json\/wp\/v2\/posts"}],"about":[{"href":"https:\/\/guiadenoticias.com.ar\/diario\/wp-json\/wp\/v2\/types\/post"}],"author":[{"embeddable":true,"href":"https:\/\/guiadenoticias.com.ar\/diario\/wp-json\/wp\/v2\/users\/1"}],"replies":[{"embeddable":true,"href":"https:\/\/guiadenoticias.com.ar\/diario\/wp-json\/wp\/v2\/comments?post=16326"}],"version-history":[{"count":1,"href":"https:\/\/guiadenoticias.com.ar\/diario\/wp-json\/wp\/v2\/posts\/16326\/revisions"}],"predecessor-version":[{"id":16328,"href":"https:\/\/guiadenoticias.com.ar\/diario\/wp-json\/wp\/v2\/posts\/16326\/revisions\/16328"}],"wp:featuredmedia":[{"embeddable":true,"href":"https:\/\/guiadenoticias.com.ar\/diario\/wp-json\/wp\/v2\/media\/16327"}],"wp:attachment":[{"href":"https:\/\/guiadenoticias.com.ar\/diario\/wp-json\/wp\/v2\/media?parent=16326"}],"wp:term":[{"taxonomy":"category","embeddable":true,"href":"https:\/\/guiadenoticias.com.ar\/diario\/wp-json\/wp\/v2\/categories?post=16326"},{"taxonomy":"post_tag","embeddable":true,"href":"https:\/\/guiadenoticias.com.ar\/diario\/wp-json\/wp\/v2\/tags?post=16326"}],"curies":[{"name":"wp","href":"https:\/\/api.w.org\/{rel}","templated":true}]}}