{"id":16378,"date":"2020-11-05T23:35:57","date_gmt":"2020-11-06T02:35:57","guid":{"rendered":"https:\/\/guiadenoticias.com.ar\/diario\/?p=16378"},"modified":"2020-11-05T23:35:57","modified_gmt":"2020-11-06T02:35:57","slug":"reunion-de-trabajo-entre-el-presidente-y-lucas-ghi","status":"publish","type":"post","link":"https:\/\/guiadenoticias.com.ar\/diario\/reunion-de-trabajo-entre-el-presidente-y-lucas-ghi\/","title":{"rendered":"Reuni\u00f3n de trabajo entre el Presidente y Lucas Ghi"},"content":{"rendered":"<p>El intendente de Mor\u00f3n, <strong>Lucas Ghi<\/strong>, asisti\u00f3 a una reuni\u00f3n con el presidente de la Naci\u00f3n, <strong>Alberto Fern\u00e1ndez<\/strong>, en la cual trataron temas relacionados con la pandemia, el esquema productivo de la Comuna y el fortalecimiento de las pol\u00edticas de seguridad.<\/p>\n<p>\u00abCompart\u00ed una reuni\u00f3n de trabajo con el Presidente donde avanzamos en temas vinculados al desarrollo productivo, la seguridad y las necesidades sanitarias del momento\u00bb, afirm\u00f3 el jefe comunal al finalizar el encuentro.<\/p>\n<p>Ghi y Fern\u00e1ndez hablaron tambi\u00e9n sobre el rol de los municipios a la hora de la distribuci\u00f3n de la vacuna, cuyas dosis gestiona el Ministerio de Salud.<\/p>\n<p>Adem\u00e1s, hubo menci\u00f3n a la ampliaci\u00f3n del Parque Industrial La Cant\u00e1brica. Y respecto a la seguridad, el intendente detall\u00f3 que se coordinar\u00e1 con la ministra Sabina Frederic la llegada de efectivos de la Polic\u00eda Federal.<\/p>\n","protected":false},"excerpt":{"rendered":"<p>El intendente de Mor\u00f3n, Lucas Ghi, asisti\u00f3 a una reuni\u00f3n con el presidente de la Naci\u00f3n, Alberto Fern\u00e1ndez, en la cual trataron temas relacionados con la pandemia, el esquema productivo de la Comuna y el fortalecimiento de las pol\u00edticas de seguridad. \u00abCompart\u00ed una reuni\u00f3n de trabajo con el Presidente donde avanzamos en temas vinculados al [&hellip;]<\/p>\n","protected":false},"author":1,"featured_media":16379,"comment_status":"closed","ping_status":"open","sticky":false,"template":"","format":"standard","meta":{"footnotes":""},"categories":[28,20,48],"tags":[82,73],"class_list":{"0":"post-16378","1":"post","2":"type-post","3":"status-publish","4":"format-standard","5":"has-post-thumbnail","7":"category-moron","8":"category-municipios","9":"category-politica-argentina","10":"tag-alberto-fernandez","11":"tag-lucas-ghi"},"aioseo_notices":[],"_links":{"self":[{"href":"https:\/\/guiadenoticias.com.ar\/diario\/wp-json\/wp\/v2\/posts\/16378","targetHints":{"allow":["GET"]}}],"collection":[{"href":"https:\/\/guiadenoticias.com.ar\/diario\/wp-json\/wp\/v2\/posts"}],"about":[{"href":"https:\/\/guiadenoticias.com.ar\/diario\/wp-json\/wp\/v2\/types\/post"}],"author":[{"embeddable":true,"href":"https:\/\/guiadenoticias.com.ar\/diario\/wp-json\/wp\/v2\/users\/1"}],"replies":[{"embeddable":true,"href":"https:\/\/guiadenoticias.com.ar\/diario\/wp-json\/wp\/v2\/comments?post=16378"}],"version-history":[{"count":1,"href":"https:\/\/guiadenoticias.com.ar\/diario\/wp-json\/wp\/v2\/posts\/16378\/revisions"}],"predecessor-version":[{"id":16380,"href":"https:\/\/guiadenoticias.com.ar\/diario\/wp-json\/wp\/v2\/posts\/16378\/revisions\/16380"}],"wp:featuredmedia":[{"embeddable":true,"href":"https:\/\/guiadenoticias.com.ar\/diario\/wp-json\/wp\/v2\/media\/16379"}],"wp:attachment":[{"href":"https:\/\/guiadenoticias.com.ar\/diario\/wp-json\/wp\/v2\/media?parent=16378"}],"wp:term":[{"taxonomy":"category","embeddable":true,"href":"https:\/\/guiadenoticias.com.ar\/diario\/wp-json\/wp\/v2\/categories?post=16378"},{"taxonomy":"post_tag","embeddable":true,"href":"https:\/\/guiadenoticias.com.ar\/diario\/wp-json\/wp\/v2\/tags?post=16378"}],"curies":[{"name":"wp","href":"https:\/\/api.w.org\/{rel}","templated":true}]}}