{"id":16398,"date":"2020-11-08T21:39:03","date_gmt":"2020-11-09T00:39:03","guid":{"rendered":"https:\/\/guiadenoticias.com.ar\/diario\/?p=16398"},"modified":"2020-11-08T21:39:03","modified_gmt":"2020-11-09T00:39:03","slug":"lola-bhajan-lo-que-vale-es-la-intencion-de-las-personas","status":"publish","type":"post","link":"https:\/\/guiadenoticias.com.ar\/diario\/lola-bhajan-lo-que-vale-es-la-intencion-de-las-personas\/","title":{"rendered":"Lola Bhajan: \u201cLo que vale es la intenci\u00f3n de las personas\u201d"},"content":{"rendered":"<p>Una definici\u00f3n aproximada de Lola Bhajan (32) podr\u00eda ser que es una artista d\u00factil: m\u00fasica, escritora, fot\u00f3grafa, performer. \u201cMe gusta trabajar de a dos, no s\u00f3lo tengo un d\u00fao, sino que me gusta trabajar con varias personas\u201d, cuenta a Gu\u00eda Sexus y enseguida aparece en la charla el d\u00fao fusi\u00f3n con Enanomalhecho.<\/p>\n<p>Invitada a dar un paseo por su pasado, Lola recuerda que \u201cel tema de la fotograf\u00eda fue porque mis padres me regalaron cuando ten\u00eda 16 a\u00f1os una c\u00e1mara digital y empec\u00e9 a usar esa herramienta\u201d, y agrega que \u201ctambi\u00e9n, la herramienta tecnol\u00f3gica la uso desde que era muy chica\u201d.<\/p>\n<p>De hecho, remarca que ese v\u00ednculo temprano con la tecnolog\u00eda \u201ces lo que me conect\u00f3 con el mundo, y eso me llev\u00f3 a ser artista, el deseo de conocer el mundo\u201d. En el presente transita un momento de mayor madurez: \u201cAhora le estoy dando una estructura. Est\u00e1 bueno armar tus propias estructuras, porque son necesarias\u201d.<\/p>\n<p><em>\u00bfC\u00f3mo defin\u00eds tu m\u00fasica?<\/em><\/p>\n<p>-Mi camino empez\u00f3 con el canto con caja del norte argentino, que es una m\u00fasica antigua, que arranca antes de la colonizaci\u00f3n. Tiene una historia, que est\u00e1 un poco invisibilizada. Cuando la escuch\u00e9 por primera vez, a los 24 o 25 a\u00f1os, me peg\u00f3 mucho, me empec\u00e9 a cuestionar un mont\u00f3n de cosas, como el tema de los pueblos originarios, y se abri\u00f3 algo vinculado con las ra\u00edces.<br \/>\nMi abuela paterna naci\u00f3 en Tucum\u00e1n. Supongo que la vida me cruzar\u00e1 con mi familia.<\/p>\n<p><img loading=\"lazy\" decoding=\"async\" class=\"wp-image-16399 aligncenter\" src=\"https:\/\/guiadenoticias.com.ar\/diario\/wp-content\/uploads\/2020\/11\/lola1.jpg\" alt=\"\" width=\"599\" height=\"799\" srcset=\"https:\/\/guiadenoticias.com.ar\/diario\/wp-content\/uploads\/2020\/11\/lola1.jpg 800w, https:\/\/guiadenoticias.com.ar\/diario\/wp-content\/uploads\/2020\/11\/lola1-225x300.jpg 225w, https:\/\/guiadenoticias.com.ar\/diario\/wp-content\/uploads\/2020\/11\/lola1-768x1023.jpg 768w, https:\/\/guiadenoticias.com.ar\/diario\/wp-content\/uploads\/2020\/11\/lola1-696x927.jpg 696w, https:\/\/guiadenoticias.com.ar\/diario\/wp-content\/uploads\/2020\/11\/lola1-315x420.jpg 315w\" sizes=\"auto, (max-width: 599px) 100vw, 599px\" \/><\/p>\n<p><em>Ten\u00e9s un libro, Lola Cruda &#8211; como el blog -, \u00bfc\u00f3mo fue esa experiencia?<\/em><\/p>\n<p>-Sali\u00f3 el a\u00f1o pasado. Ahora que hay una visibilizaci\u00f3n trans hay que aprovecharla. Yo escribo desde muy chica, porque al mismo tiempo que me regalaron la c\u00e1mara digital ya hab\u00eda vivido varias historias. Mis inicios sexuales fueron a los 13 a\u00f1os, muy chica, sola, sin ning\u00fan cuidado de adultos. A los 16 ya hab\u00eda le\u00eddo al Marqu\u00e9s de Sade y me interes\u00f3 esa forma de narrar cosas m\u00e1s oscuras. En ese momento no era consciente de lo que viv\u00eda; hoy lo veo como abuso, pedofilia.<br \/>\nEl libro es una recopilaci\u00f3n de los 13 hasta pasados los 20. Como saqu\u00e9 ese libro que tiene que ver con mis inicios en la sexualidad, ahora estoy escribiendo otras cosas, m\u00e1s espirituales.<\/p>\n<p><em>\u00bfC\u00f3mo va este a\u00f1o, con pandemia, el trabajo?<\/em><\/p>\n<p>-Tengo mucha suerte. Pero tuve unos meses dif\u00edciles, me cortaron el gas, muri\u00f3 mi padre, pasaron muchas cosas. Ahora se viene fin de a\u00f1o, lo peor pas\u00f3, se reactiv\u00f3 la agenda. El \u00faltimo show fue en marzo. Dentro de poco me van a ver en la Televisi\u00f3n P\u00fablica, voy a estar en el Centro Cultural Kirchner, por el mes del orgullo.<\/p>\n<p><em>Al recorrer tus redes se percibe que tu cuerpo es un instrumento con el cual tambi\u00e9n transmit\u00eds mensajes\u2026<\/em><\/p>\n<p>-S\u00ed, y que est\u00e1 en constante transformaci\u00f3n. De chica ten\u00eda problemas con el cuerpo, sufr\u00eda cuando mutaba. Ten\u00eda alergias. Hoy, analiz\u00e1ndolo, creo que tiene que ver con la identidad. Siempre me vi como una f\u00e9mina, no con el papel que me hab\u00edan puesto, de var\u00f3n. Al no poder ser yo misma, como estaba en mi cabeza, me dej\u00f3 secuelas, de esa \u00e9poca que viv\u00eda como dos vidas.<\/p>\n<p><em>\u00bfTe identificas como una chica trans?<\/em><\/p>\n<p>-Entiendo que este es un momento de visibilizaci\u00f3n y hay que aprender un mont\u00f3n. Despu\u00e9s de muchos a\u00f1os de trabajarlo y que me molesten muchas cosas, hoy digo que lo que vale es la intenci\u00f3n de las personas.<\/p>\n<p><img loading=\"lazy\" decoding=\"async\" class=\"wp-image-16400 aligncenter\" src=\"https:\/\/guiadenoticias.com.ar\/diario\/wp-content\/uploads\/2020\/11\/lola2.jpg\" alt=\"\" width=\"598\" height=\"797\" srcset=\"https:\/\/guiadenoticias.com.ar\/diario\/wp-content\/uploads\/2020\/11\/lola2.jpg 800w, https:\/\/guiadenoticias.com.ar\/diario\/wp-content\/uploads\/2020\/11\/lola2-225x300.jpg 225w, https:\/\/guiadenoticias.com.ar\/diario\/wp-content\/uploads\/2020\/11\/lola2-768x1024.jpg 768w, https:\/\/guiadenoticias.com.ar\/diario\/wp-content\/uploads\/2020\/11\/lola2-696x928.jpg 696w, https:\/\/guiadenoticias.com.ar\/diario\/wp-content\/uploads\/2020\/11\/lola2-315x420.jpg 315w\" sizes=\"auto, (max-width: 598px) 100vw, 598px\" \/><\/p>\n<p><em>En un v\u00eddeo dijiste que menos mal que nunca te operaste, \u00bfpor qu\u00e9?<\/em><\/p>\n<p>-M\u00e1s all\u00e1 de algunas inconciencias, era libre. Por m\u00e1s que me haya sacrificado por algo que hoy veo que era el deseo de los otros, lo disfrut\u00e9 tambi\u00e9n. Trat\u00e9 de estar equilibrada emocionalmente.<br \/>\nLo pens\u00e9 mucho, a veces no me dejaba dormir. Estoy agradecida de no haberlo hecho.<\/p>\n<p><em>\u00bfC\u00f3mo manejas la mirada de las otras personas?<\/em><\/p>\n<p>-Obviamente me afecta, pasa que con los a\u00f1os eso se modific\u00f3. Hoy me siento muy segura de m\u00ed misma, y siento que est\u00e1 bueno decir las cosas. Guardarte cosas te enferma.<\/p>\n<p><em>Cuestionas el t\u00e9rmino \u201cinclusi\u00f3n\u201d, \u00bfa qu\u00e9 se debe?<\/em><\/p>\n<p>-Es como que estamos en el segundo lugar, que no tenemos decisi\u00f3n. Como que m\u00e1s all\u00e1 de que se quieran hacer los copados, nos ponen en un lugar de minor\u00eda. Minor\u00eda de qu\u00e9, yo tambi\u00e9n soy mayor\u00eda en algo.<\/p>\n<p><em>\u00bfBusc\u00e1s asesoramiento con tu imagen?\u00bfC\u00f3mo te &#8216;lookeas&#8217;?<\/em><\/p>\n<p>Me encantar\u00eda asesorarme. De a poco voy a conseguir sponsor y dise\u00f1adores, ya es hora. Pocas veces voy a comprar ropa, me regalan mucho, adem\u00e1s, de mi mam\u00e1 hered\u00e9 muchas prendas. Desde chica, con lo que tengo armo un look, tengo como un don para combinar. Hay que tener creatividad para vestirse.<\/p>\n","protected":false},"excerpt":{"rendered":"<p>Una definici\u00f3n aproximada de Lola Bhajan (32) podr\u00eda ser que es una artista d\u00factil: m\u00fasica, escritora, fot\u00f3grafa, performer. \u201cMe gusta trabajar de a dos, no s\u00f3lo tengo un d\u00fao, sino que me gusta trabajar con varias personas\u201d, cuenta a Gu\u00eda Sexus y enseguida aparece en la charla el d\u00fao fusi\u00f3n con Enanomalhecho. Invitada a dar [&hellip;]<\/p>\n","protected":false},"author":1,"featured_media":16401,"comment_status":"closed","ping_status":"open","sticky":false,"template":"","format":"standard","meta":{"footnotes":""},"categories":[120],"tags":[],"class_list":{"0":"post-16398","1":"post","2":"type-post","3":"status-publish","4":"format-standard","5":"has-post-thumbnail","7":"category-1-persona"},"aioseo_notices":[],"_links":{"self":[{"href":"https:\/\/guiadenoticias.com.ar\/diario\/wp-json\/wp\/v2\/posts\/16398","targetHints":{"allow":["GET"]}}],"collection":[{"href":"https:\/\/guiadenoticias.com.ar\/diario\/wp-json\/wp\/v2\/posts"}],"about":[{"href":"https:\/\/guiadenoticias.com.ar\/diario\/wp-json\/wp\/v2\/types\/post"}],"author":[{"embeddable":true,"href":"https:\/\/guiadenoticias.com.ar\/diario\/wp-json\/wp\/v2\/users\/1"}],"replies":[{"embeddable":true,"href":"https:\/\/guiadenoticias.com.ar\/diario\/wp-json\/wp\/v2\/comments?post=16398"}],"version-history":[{"count":1,"href":"https:\/\/guiadenoticias.com.ar\/diario\/wp-json\/wp\/v2\/posts\/16398\/revisions"}],"predecessor-version":[{"id":16402,"href":"https:\/\/guiadenoticias.com.ar\/diario\/wp-json\/wp\/v2\/posts\/16398\/revisions\/16402"}],"wp:featuredmedia":[{"embeddable":true,"href":"https:\/\/guiadenoticias.com.ar\/diario\/wp-json\/wp\/v2\/media\/16401"}],"wp:attachment":[{"href":"https:\/\/guiadenoticias.com.ar\/diario\/wp-json\/wp\/v2\/media?parent=16398"}],"wp:term":[{"taxonomy":"category","embeddable":true,"href":"https:\/\/guiadenoticias.com.ar\/diario\/wp-json\/wp\/v2\/categories?post=16398"},{"taxonomy":"post_tag","embeddable":true,"href":"https:\/\/guiadenoticias.com.ar\/diario\/wp-json\/wp\/v2\/tags?post=16398"}],"curies":[{"name":"wp","href":"https:\/\/api.w.org\/{rel}","templated":true}]}}