{"id":16407,"date":"2020-11-09T02:12:51","date_gmt":"2020-11-09T05:12:51","guid":{"rendered":"https:\/\/guiadenoticias.com.ar\/diario\/?p=16407"},"modified":"2020-11-10T02:14:53","modified_gmt":"2020-11-10T05:14:53","slug":"obras-de-pavimentacion-en-vilo-y-san-isidro","status":"publish","type":"post","link":"https:\/\/guiadenoticias.com.ar\/diario\/obras-de-pavimentacion-en-vilo-y-san-isidro\/","title":{"rendered":"Obras de pavimentaci\u00f3n en Vilo y San Isidro"},"content":{"rendered":"<p>Tanto en el municipio de <strong>Vicente L\u00f3pez<\/strong> como en el de <strong>San Isidro<\/strong> buscan darle dinamismo a la obra p\u00fablica. En ese sentido, ambas Comunas anunciaron en los \u00faltimos d\u00edas la puesta en marcha de una serie de intervenciones financiadas por Naci\u00f3n.<\/p>\n<p>En el caso de Vicente L\u00f3pez son en diversos puntos de Villa Martelli, Olivos y Munro. Har\u00e1n tareas de bacheo de hormig\u00f3n, carpeta asf\u00e1ltica y cord\u00f3n cuneta. El intendente <strong>Jorge Macri<\/strong> recorri\u00f3 una de las obras en Munro y expres\u00f3: \u201cColocamos un asfalto de hormig\u00f3n que resiste al tr\u00e1nsito pesado de la zona, esto es importante para el oeste, porque hay un gran caudal vehicular debido a la existencia de muchas industrias\u201d.<\/p>\n<p>Las obras ser\u00e1n ejecutadas en dos etapas, cada una de 90 d\u00edas. Cabe destacar que el Plan Municipal de Asfaltado y Bacheo es ejecutado por la Municipalidad con financiamiento del gobierno nacional a trav\u00e9s del Plan Argentina Hace II.<\/p>\n<p>Los trabajos de reconstrucci\u00f3n buscan habilitar las zonas intervenidas a los siete d\u00edas del hormigonado y, en los casos que sean necesarios, se proceder\u00e1 al saneamiento de la capa asf\u00e1ltica de sub-base. En cada intervenci\u00f3n se retirar\u00e1 la capa superficial del pavimento existente en mal estado y se realizar\u00e1 una nueva carpeta asf\u00e1ltica, as\u00ed como la reconstrucci\u00f3n de cord\u00f3n cuneta para garantizar el correcto escurrimiento del agua y evitar estancamientos.<\/p>\n<p><em>SAN ISIDRO<\/em><\/p>\n<p>El intendente de San Isidro, <strong>Gustavo Posse<\/strong>, estuvo en Boulogne, una de las localidades donde el municipio y Naci\u00f3n avanzan en el plan de bacheo y repavimentaci\u00f3n que abarca 32 mil metros cuadrados que representan unas 50 cuadras nuevas en el sector comprendido entre Acceso Norte, Ramal Campana, Uruguay, Sarratea, Amancio Alcorta y Paran\u00e1.<\/p>\n<p>Como complemento a esta puesta en valor de calles en Villa Adelina y Boulogne, la Comuna anunci\u00f3 que tambi\u00e9n renovar\u00e1n las conexiones domiciliares de la red de agua. Seg\u00fan informaron, es un trabajo conjunto entre la empresa Aysa, que provee los materiales, y el municipio que aporta la mano de obra.<\/p>\n<p>La repavimentaci\u00f3n se ejecuta mediante el tendido de una base de hormig\u00f3n simple de 12 cent\u00edmetros de espesor y una calzada de hormig\u00f3n rico de 18 cent\u00edmetros reforzada con malla de acero. En los casos necesarios realizar\u00e1n tambi\u00e9n el saneamiento del sector con suelo seleccionado.<\/p>\n<p>Las obras licitadas y ejecutadas por el municipio se realizan en el marco del Programa \u201cArgentina Hace\u201d con fondos del Ministerio de Infraestructura. La puesta en valor de estas arterias comprende una inversi\u00f3n de 251 millones de pesos.<\/p>\n","protected":false},"excerpt":{"rendered":"<p>Tanto en el municipio de Vicente L\u00f3pez como en el de San Isidro buscan darle dinamismo a la obra p\u00fablica. En ese sentido, ambas Comunas anunciaron en los \u00faltimos d\u00edas la puesta en marcha de una serie de intervenciones financiadas por Naci\u00f3n. En el caso de Vicente L\u00f3pez son en diversos puntos de Villa Martelli, [&hellip;]<\/p>\n","protected":false},"author":1,"featured_media":16408,"comment_status":"closed","ping_status":"open","sticky":false,"template":"","format":"standard","meta":{"footnotes":""},"categories":[20,21,25],"tags":[75,71],"class_list":{"0":"post-16407","1":"post","2":"type-post","3":"status-publish","4":"format-standard","5":"has-post-thumbnail","7":"category-municipios","8":"category-san-isidro","9":"category-vicente-lopez","10":"tag-gustavo-posse","11":"tag-jorge-macri"},"aioseo_notices":[],"_links":{"self":[{"href":"https:\/\/guiadenoticias.com.ar\/diario\/wp-json\/wp\/v2\/posts\/16407","targetHints":{"allow":["GET"]}}],"collection":[{"href":"https:\/\/guiadenoticias.com.ar\/diario\/wp-json\/wp\/v2\/posts"}],"about":[{"href":"https:\/\/guiadenoticias.com.ar\/diario\/wp-json\/wp\/v2\/types\/post"}],"author":[{"embeddable":true,"href":"https:\/\/guiadenoticias.com.ar\/diario\/wp-json\/wp\/v2\/users\/1"}],"replies":[{"embeddable":true,"href":"https:\/\/guiadenoticias.com.ar\/diario\/wp-json\/wp\/v2\/comments?post=16407"}],"version-history":[{"count":1,"href":"https:\/\/guiadenoticias.com.ar\/diario\/wp-json\/wp\/v2\/posts\/16407\/revisions"}],"predecessor-version":[{"id":16409,"href":"https:\/\/guiadenoticias.com.ar\/diario\/wp-json\/wp\/v2\/posts\/16407\/revisions\/16409"}],"wp:featuredmedia":[{"embeddable":true,"href":"https:\/\/guiadenoticias.com.ar\/diario\/wp-json\/wp\/v2\/media\/16408"}],"wp:attachment":[{"href":"https:\/\/guiadenoticias.com.ar\/diario\/wp-json\/wp\/v2\/media?parent=16407"}],"wp:term":[{"taxonomy":"category","embeddable":true,"href":"https:\/\/guiadenoticias.com.ar\/diario\/wp-json\/wp\/v2\/categories?post=16407"},{"taxonomy":"post_tag","embeddable":true,"href":"https:\/\/guiadenoticias.com.ar\/diario\/wp-json\/wp\/v2\/tags?post=16407"}],"curies":[{"name":"wp","href":"https:\/\/api.w.org\/{rel}","templated":true}]}}