{"id":16412,"date":"2020-11-10T23:23:44","date_gmt":"2020-11-11T02:23:44","guid":{"rendered":"https:\/\/guiadenoticias.com.ar\/diario\/?p=16412"},"modified":"2020-11-10T23:23:44","modified_gmt":"2020-11-11T02:23:44","slug":"tito-espinola-coordina-campana-de-zoonosis-de-nacion","status":"publish","type":"post","link":"https:\/\/guiadenoticias.com.ar\/diario\/tito-espinola-coordina-campana-de-zoonosis-de-nacion\/","title":{"rendered":"\u201cTito\u201d Esp\u00ednola coordina campa\u00f1a de zoonosis de Naci\u00f3n"},"content":{"rendered":"<p>Andr\u00e9s \u201cTito\u201d Esp\u00ednola, concejal del <strong>Frente de Todos \u2013 PJ<\/strong> Tres de Febrero, coordina en el distrito operativos de zoonosis de Naci\u00f3n, \u201clo implementamos a partir de la relaci\u00f3n que tiene Alejandro Collia con (Juan) Romero\u201d, cont\u00f3 sobre el programa de la Direcci\u00f3n de Tenencia Responsable y Sanidad Animal perteneciente al Ministerio de Salud.<\/p>\n<p>\u201cPor la pandemia &#8211; cuarentena, Zoonosis de Tres de Febrero no estaba haciendo castraciones, ni siquiera vacunaciones\u201d, record\u00f3 el edil, motivo por el cual impulsaron estos operativos de quir\u00f3fanos m\u00f3viles. Adem\u00e1s, este servicio no tiene costo para los vecinos, \u201cel tema econ\u00f3mico lo tenemos en cuenta, la situaci\u00f3n est\u00e1 complicada\u201d.<\/p>\n<p>Mencion\u00f3 que \u201ces un cami\u00f3n grand\u00edsimo, con seis veterinarios\u201d y desde octubre recorri\u00f3 Ciudadela norte y sur, Barrio Derqui y Barrio Evita. \u201cEs un \u00e9xito, explota de gente\u201d, destac\u00f3 Esp\u00ednola, y adelant\u00f3 que hay conversaciones para realizar m\u00e1s operativos. De hecho existe tambi\u00e9n articulaci\u00f3n con autoridades municipales.<\/p>\n<p>\u201cPara m\u00ed es un placer hacerlo. Y deseo que la gente tome cada vez m\u00e1s conciencia de la necesidad de castrar a los animales\u201d, se\u00f1al\u00f3 \u201cTito\u201d Esp\u00ednola, a la vez que coment\u00f3 que con la concejal Mar\u00eda del Carmen Vidal trabajan en un proyecto vinculado con la responsabilidad en la tenencia de mascotas.<\/p>\n<p><em>PANDEMIA + ECONOM\u00cdA<\/em><\/p>\n<p>El concejal tiene un largo recorrido en la asistencia social al frente de la ONG Casa del Vecino del Barrio Evita, incluso reconocida por el Ministerio de Desarrollo Social.<\/p>\n<p>Consultado sobre el contexto social actual, sostuvo que \u201cel peronismo asisti\u00f3 bastante con alimentos\u201d, y reconoci\u00f3 que \u201cla situaci\u00f3n se asent\u00f3 a partir de los programas que baj\u00f3 el Gobierno\u201d. Revel\u00f3: \u201cHubo gente que jam\u00e1s me hab\u00eda pedido bolsa de alimentos y ahora s\u00ed\u201d, y a\u00f1adi\u00f3, \u201ctengo fe que se va a revertir esta situaci\u00f3n econ\u00f3mica\u201d.<\/p>\n<p>\u201cGracias a que Alberto (Fern\u00e1ndez) implement\u00f3 medidas, no hubo problemas m\u00e1s graves. Creo que nos vamos a preparar bien para que no haya un rebrote como en Europa\u201d, concluy\u00f3.<\/p>\n","protected":false},"excerpt":{"rendered":"<p>Andr\u00e9s \u201cTito\u201d Esp\u00ednola, concejal del Frente de Todos \u2013 PJ Tres de Febrero, coordina en el distrito operativos de zoonosis de Naci\u00f3n, \u201clo implementamos a partir de la relaci\u00f3n que tiene Alejandro Collia con (Juan) Romero\u201d, cont\u00f3 sobre el programa de la Direcci\u00f3n de Tenencia Responsable y Sanidad Animal perteneciente al Ministerio de Salud. \u201cPor [&hellip;]<\/p>\n","protected":false},"author":1,"featured_media":16413,"comment_status":"closed","ping_status":"open","sticky":false,"template":"","format":"standard","meta":{"footnotes":""},"categories":[48,26],"tags":[],"class_list":{"0":"post-16412","1":"post","2":"type-post","3":"status-publish","4":"format-standard","5":"has-post-thumbnail","7":"category-politica-argentina","8":"category-tres-de-febrero"},"aioseo_notices":[],"_links":{"self":[{"href":"https:\/\/guiadenoticias.com.ar\/diario\/wp-json\/wp\/v2\/posts\/16412","targetHints":{"allow":["GET"]}}],"collection":[{"href":"https:\/\/guiadenoticias.com.ar\/diario\/wp-json\/wp\/v2\/posts"}],"about":[{"href":"https:\/\/guiadenoticias.com.ar\/diario\/wp-json\/wp\/v2\/types\/post"}],"author":[{"embeddable":true,"href":"https:\/\/guiadenoticias.com.ar\/diario\/wp-json\/wp\/v2\/users\/1"}],"replies":[{"embeddable":true,"href":"https:\/\/guiadenoticias.com.ar\/diario\/wp-json\/wp\/v2\/comments?post=16412"}],"version-history":[{"count":1,"href":"https:\/\/guiadenoticias.com.ar\/diario\/wp-json\/wp\/v2\/posts\/16412\/revisions"}],"predecessor-version":[{"id":16414,"href":"https:\/\/guiadenoticias.com.ar\/diario\/wp-json\/wp\/v2\/posts\/16412\/revisions\/16414"}],"wp:featuredmedia":[{"embeddable":true,"href":"https:\/\/guiadenoticias.com.ar\/diario\/wp-json\/wp\/v2\/media\/16413"}],"wp:attachment":[{"href":"https:\/\/guiadenoticias.com.ar\/diario\/wp-json\/wp\/v2\/media?parent=16412"}],"wp:term":[{"taxonomy":"category","embeddable":true,"href":"https:\/\/guiadenoticias.com.ar\/diario\/wp-json\/wp\/v2\/categories?post=16412"},{"taxonomy":"post_tag","embeddable":true,"href":"https:\/\/guiadenoticias.com.ar\/diario\/wp-json\/wp\/v2\/tags?post=16412"}],"curies":[{"name":"wp","href":"https:\/\/api.w.org\/{rel}","templated":true}]}}