{"id":16416,"date":"2020-11-11T21:53:01","date_gmt":"2020-11-12T00:53:01","guid":{"rendered":"https:\/\/guiadenoticias.com.ar\/diario\/?p=16416"},"modified":"2020-11-11T21:55:10","modified_gmt":"2020-11-12T00:55:10","slug":"desafios-ante-un-mundo-que-ha-cambiado","status":"publish","type":"post","link":"https:\/\/guiadenoticias.com.ar\/diario\/desafios-ante-un-mundo-que-ha-cambiado\/","title":{"rendered":"Desaf\u00edos ante un mundo que ha cambiado"},"content":{"rendered":"<p>En la aldea global nada ser\u00e1 igual. Las ciudades tendr\u00e1n que ser diferentes, adecuadas al nuevo tiempo que nos toca vivir. A\u00fan en nuestra propia ciudad, all\u00ed donde vivimos, debemos pensar c\u00f3mo nos adaptamos a la nueva realidad, sin apartarnos de nuestras posibilidades ni de nuestra manera de ser.<\/p>\n<p>La pandemia puso en jaque muchos proyectos. \u00bfSer\u00e1 que nos mostr\u00f3 de una manera en que tal vez entendamos, en forma casi brutal, que no pod\u00edamos seguir viviendo as\u00ed?<\/p>\n<p>El COVID-19 evidenci\u00f3 la fragilidad de una ciudad no planificada, ni con un rumbo claro debido a la coexistencia de otra pandemia invisible. Las enfermedades no trasmisibles son pand\u00e9micas e impactan de manera directa en la salud de todos los habitantes, pero principalmente en los que viven en las metr\u00f3polis.<\/p>\n<p>Hoy, cerca del 50% de la poblaci\u00f3n mundial vive en ciudades, y esa cifra se eleva al 70% en la Argentina. En el marco del nuevo paradigma global de repensar las ciudades del futuro la pandemia ha conminado a la acci\u00f3n inmediata.<\/p>\n<p>Y en esta necesidad urgente de redefinir los espacios p\u00fablicos, que plantea nuevos enfoques urbanos y donde cobra dimensi\u00f3n el concepto de cercan\u00eda, se acent\u00faa un nuevo rol de las ciudades intermedias, con las consiguientes responsabilidades de los gobiernos para lograr desarrollos locales requeridos por las nuevas demandas, a trav\u00e9s de adaptaciones estrat\u00e9gicas e innovadoras.<\/p>\n<p><em>Es por ello que nos preguntamos, \u00bfqu\u00e9 ciudad queremos?<\/em><\/p>\n<p>Queremos participar de la planificaci\u00f3n urbana para promover espacios seguros, limpios y que promuevan los h\u00e1bitos saludables. Crear leyes y pol\u00edticas municipales para reducir la violencia, la degradaci\u00f3n del ambiente, promover condiciones de vida de calidad. Invertir en la mejora de condiciones de vida urbana, en el acceso a la vivienda, la protecci\u00f3n social y el empleo decente. Reducir las desigualdades entre los ciudadanos para lograr el progreso ascendente social, a trav\u00e9s de la salud, la educaci\u00f3n y el trabajo.<\/p>\n<p>Queremos construir ciudades flexibles, accesibles y amigables para toda nuestra vida, desde la ni\u00f1ez a la adultez, impartiendo habilidades para la vida y destrezas ocupacionales.<\/p>\n<p>Es importante tener tambi\u00e9n los recursos y la mirada legislativa para darle continuidad y fortaleza a las acciones de salud. Se necesita de creatividad para implementar acciones que impacten en el bienestar de todos nuestros vecinos.<\/p>\n<p>Como parte de una construcci\u00f3n pol\u00edtica, tenemos una idea de pa\u00eds. Como radicales debemos fortalecer el conocimiento, la capacidad y la concientizaci\u00f3n para responder a los nuevos retos de salud urbana y crear marcos normativos que fomenten la salud y estrategias de gobernanza participativas.<\/p>\n<p>No vimos lo evidente, una sindemia (la suma de pandemias) estaba en curso y el COVID-19 la explicit\u00f3. La pobreza, el estr\u00e9s, la violencia estructural coexistiendo con la mal nutrici\u00f3n, obesidad y el cambio clim\u00e1tico. La ciudad es el caldo de cultivo para este o cualquier otro virus que afecte la salud de cada uno de nosotros. Es momento de actuar y participar para alcanzar a la brevedad la ciudad que queremos.<\/p>\n","protected":false},"excerpt":{"rendered":"<p>En la aldea global nada ser\u00e1 igual. Las ciudades tendr\u00e1n que ser diferentes, adecuadas al nuevo tiempo que nos toca vivir. A\u00fan en nuestra propia ciudad, all\u00ed donde vivimos, debemos pensar c\u00f3mo nos adaptamos a la nueva realidad, sin apartarnos de nuestras posibilidades ni de nuestra manera de ser. La pandemia puso en jaque muchos [&hellip;]<\/p>\n","protected":false},"author":1,"featured_media":15247,"comment_status":"closed","ping_status":"open","sticky":false,"template":"","format":"standard","meta":{"footnotes":""},"categories":[2,48,26],"tags":[],"class_list":{"0":"post-16416","1":"post","2":"type-post","3":"status-publish","4":"format-standard","5":"has-post-thumbnail","7":"category-opinion","8":"category-politica-argentina","9":"category-tres-de-febrero"},"aioseo_notices":[],"_links":{"self":[{"href":"https:\/\/guiadenoticias.com.ar\/diario\/wp-json\/wp\/v2\/posts\/16416","targetHints":{"allow":["GET"]}}],"collection":[{"href":"https:\/\/guiadenoticias.com.ar\/diario\/wp-json\/wp\/v2\/posts"}],"about":[{"href":"https:\/\/guiadenoticias.com.ar\/diario\/wp-json\/wp\/v2\/types\/post"}],"author":[{"embeddable":true,"href":"https:\/\/guiadenoticias.com.ar\/diario\/wp-json\/wp\/v2\/users\/1"}],"replies":[{"embeddable":true,"href":"https:\/\/guiadenoticias.com.ar\/diario\/wp-json\/wp\/v2\/comments?post=16416"}],"version-history":[{"count":1,"href":"https:\/\/guiadenoticias.com.ar\/diario\/wp-json\/wp\/v2\/posts\/16416\/revisions"}],"predecessor-version":[{"id":16417,"href":"https:\/\/guiadenoticias.com.ar\/diario\/wp-json\/wp\/v2\/posts\/16416\/revisions\/16417"}],"wp:featuredmedia":[{"embeddable":true,"href":"https:\/\/guiadenoticias.com.ar\/diario\/wp-json\/wp\/v2\/media\/15247"}],"wp:attachment":[{"href":"https:\/\/guiadenoticias.com.ar\/diario\/wp-json\/wp\/v2\/media?parent=16416"}],"wp:term":[{"taxonomy":"category","embeddable":true,"href":"https:\/\/guiadenoticias.com.ar\/diario\/wp-json\/wp\/v2\/categories?post=16416"},{"taxonomy":"post_tag","embeddable":true,"href":"https:\/\/guiadenoticias.com.ar\/diario\/wp-json\/wp\/v2\/tags?post=16416"}],"curies":[{"name":"wp","href":"https:\/\/api.w.org\/{rel}","templated":true}]}}