{"id":16419,"date":"2020-11-11T23:21:51","date_gmt":"2020-11-12T02:21:51","guid":{"rendered":"https:\/\/guiadenoticias.com.ar\/diario\/?p=16419"},"modified":"2020-11-11T23:21:51","modified_gmt":"2020-11-12T02:21:51","slug":"el-gobierno-cedio-terrenos-para-la-ampliacion-de-la-cantabrica","status":"publish","type":"post","link":"https:\/\/guiadenoticias.com.ar\/diario\/el-gobierno-cedio-terrenos-para-la-ampliacion-de-la-cantabrica\/","title":{"rendered":"El Gobierno cedi\u00f3 terrenos para la ampliaci\u00f3n de La Cant\u00e1brica"},"content":{"rendered":"<p>El <strong>intendente Lucas Ghi<\/strong>, junto con el jefe de Gabinete, <strong>Santiago Cafiero<\/strong>, y el ministro de Transporte de Naci\u00f3n,<strong> Mario Meoni<\/strong>, participaron de la presentaci\u00f3n de la ampliaci\u00f3n del Parque Industrial La Cant\u00e1brica. Tambi\u00e9n, lo acompa\u00f1aron el ex intendente de Mor\u00f3n y actual presidente de ACUMAR, <strong>Mart\u00edn Sabbatella<\/strong>, el presidente de la Uni\u00f3n Industrial del Oeste (UIO), Eduardo Gambaro, y el presidente de la Agencia de Administraci\u00f3n de Bienes del Estado (AABE), Mart\u00edn Cosentino.<\/p>\n<p>Este convenio permitir\u00e1 emplazar el denominado \u201c<strong>Parque Industrial La Cant\u00e1brica II<\/strong>\u201d que contribuir\u00e1 a la implementaci\u00f3n de m\u00e1s industrias, generaci\u00f3n de empleo y producci\u00f3n en el distrito. Aspiran tambi\u00e9n a la llegada de nuevas inversiones y a la generaci\u00f3n de exportaciones.<\/p>\n<p>En ese marco, Ghi asegur\u00f3 que \u201cnecesit\u00e1bamos coronar este proceso hist\u00f3rico, que tiene m\u00e1s de dos d\u00e9cadas. Tiene que ver con este esp\u00edritu que gu\u00eda y moviliza al Estado nacional, que es poner las tierras al servicio de la producci\u00f3n y el empleo. Tenemos el parque, es competitivo, est\u00e1 consolidado, integrado y buena parte de lo que se produce aqu\u00ed termina en mercados internacionales\u201d.<\/p>\n<p>En ese sentido, el jefe comunal agreg\u00f3, \u201cahora el desaf\u00edo es que en este lugar se les genere la estructura necesaria para que vengan a ser poblados por trabajadores y trabajadoras, que vuelvan a su casa cotidianamente con la satisfacci\u00f3n de haber cumplido una jornada laboral y que mantengan a su familia con el esfuerzo cotidiano de su trabajo\u201d.<\/p>\n<p>A su turno, el jefe de Gabinete destac\u00f3, \u201cme parece fundamental que hoy tengamos nuevamente un intendente que piense en las posibilidades productivas de generaci\u00f3n de empleo que necesita toda la comunidad, no s\u00f3lo de Mor\u00f3n\u201d, y dijo que el parque industrial atrae nuevas inversiones y genera \u201cexportaciones que tanto nos hacen falta para volver al sendero de la producci\u00f3n y del empleo\u201d.<\/p>\n<p>En lo que respecta a futuros proyectos, Meoni adelant\u00f3 que \u201cno solamente estamos cediendo desde el punto de vista tierra para que haya producci\u00f3n, tambi\u00e9n es muy importante empezar a generar la idea de la concentraci\u00f3n de la carga en un solo lugar porque hace a la eficiencia log\u00edstica\u201d.<\/p>\n<p>Por su parte, el presidente de la UIO expuso: \u201cEsto es el comienzo de una nueva etapa que va a implicar tambi\u00e9n poner ideas y demuestra claramente que cuando hay vocaci\u00f3n pol\u00edtica y decisi\u00f3n por parte del Estado, se genera condiciones para que el empresario de Pymes pueda invertir en estos lugares y desarrollar sus empresas\u201d.<\/p>\n","protected":false},"excerpt":{"rendered":"<p>El intendente Lucas Ghi, junto con el jefe de Gabinete, Santiago Cafiero, y el ministro de Transporte de Naci\u00f3n, Mario Meoni, participaron de la presentaci\u00f3n de la ampliaci\u00f3n del Parque Industrial La Cant\u00e1brica. Tambi\u00e9n, lo acompa\u00f1aron el ex intendente de Mor\u00f3n y actual presidente de ACUMAR, Mart\u00edn Sabbatella, el presidente de la Uni\u00f3n Industrial del [&hellip;]<\/p>\n","protected":false},"author":1,"featured_media":16420,"comment_status":"closed","ping_status":"open","sticky":false,"template":"","format":"standard","meta":{"footnotes":""},"categories":[28,20,48],"tags":[73,93],"class_list":{"0":"post-16419","1":"post","2":"type-post","3":"status-publish","4":"format-standard","5":"has-post-thumbnail","7":"category-moron","8":"category-municipios","9":"category-politica-argentina","10":"tag-lucas-ghi","11":"tag-martin-sabbatella"},"aioseo_notices":[],"_links":{"self":[{"href":"https:\/\/guiadenoticias.com.ar\/diario\/wp-json\/wp\/v2\/posts\/16419","targetHints":{"allow":["GET"]}}],"collection":[{"href":"https:\/\/guiadenoticias.com.ar\/diario\/wp-json\/wp\/v2\/posts"}],"about":[{"href":"https:\/\/guiadenoticias.com.ar\/diario\/wp-json\/wp\/v2\/types\/post"}],"author":[{"embeddable":true,"href":"https:\/\/guiadenoticias.com.ar\/diario\/wp-json\/wp\/v2\/users\/1"}],"replies":[{"embeddable":true,"href":"https:\/\/guiadenoticias.com.ar\/diario\/wp-json\/wp\/v2\/comments?post=16419"}],"version-history":[{"count":1,"href":"https:\/\/guiadenoticias.com.ar\/diario\/wp-json\/wp\/v2\/posts\/16419\/revisions"}],"predecessor-version":[{"id":16421,"href":"https:\/\/guiadenoticias.com.ar\/diario\/wp-json\/wp\/v2\/posts\/16419\/revisions\/16421"}],"wp:featuredmedia":[{"embeddable":true,"href":"https:\/\/guiadenoticias.com.ar\/diario\/wp-json\/wp\/v2\/media\/16420"}],"wp:attachment":[{"href":"https:\/\/guiadenoticias.com.ar\/diario\/wp-json\/wp\/v2\/media?parent=16419"}],"wp:term":[{"taxonomy":"category","embeddable":true,"href":"https:\/\/guiadenoticias.com.ar\/diario\/wp-json\/wp\/v2\/categories?post=16419"},{"taxonomy":"post_tag","embeddable":true,"href":"https:\/\/guiadenoticias.com.ar\/diario\/wp-json\/wp\/v2\/tags?post=16419"}],"curies":[{"name":"wp","href":"https:\/\/api.w.org\/{rel}","templated":true}]}}