{"id":16423,"date":"2020-11-12T22:48:17","date_gmt":"2020-11-13T01:48:17","guid":{"rendered":"https:\/\/guiadenoticias.com.ar\/diario\/?p=16423"},"modified":"2020-11-12T23:17:47","modified_gmt":"2020-11-13T02:17:47","slug":"posse-y-patricia-bullrich-visitaron-una-fabrica-de-san-isidro","status":"publish","type":"post","link":"https:\/\/guiadenoticias.com.ar\/diario\/posse-y-patricia-bullrich-visitaron-una-fabrica-de-san-isidro\/","title":{"rendered":"Posse y Patricia Bullrich visitaron una f\u00e1brica de San Isidro"},"content":{"rendered":"<p>El intendente <strong>Gustavo Posse<\/strong> y la presidenta del PRO, <strong>Patricia Bullrich<\/strong>, recorrieron la nueva f\u00e1brica de pastas sin gluten de Rochino, una empresa familiar de m\u00e1s de 20 a\u00f1os, de <strong>San Isidro<\/strong>.<\/p>\n<p>Durante la visita, los funcionarios pudieron observar el funcionamiento y los protocolos de bioseguridad que tiene el nuevo espacio ubicado en Beccar, que comenz\u00f3 a funcionar el 1 de julio a pesar de la pandemia. En la actualidad, tiene 18 locales.<\/p>\n<p>\u201cEsta es una historia de c\u00f3mo con dedicaci\u00f3n y esfuerzo se puede lograr cualquier objetivo, aun cuando las circunstancias no son las mejores\u201d, expres\u00f3 Posse.<\/p>\n<p>Acompa\u00f1ada tambi\u00e9n por la concejal Rosal\u00eda Fucelo, Bullrich sum\u00f3: \u201cEsto es el sue\u00f1o argentino, que cada uno pueda en su familia trabajar y llevar adelante un emprendimiento con amor y compromiso. Adem\u00e1s, es importante destacar a un municipio como San Isidro que facilita la vida a quienes quieren emprender y no pone trabas. Eso tambi\u00e9n es parte del crecimiento\u201d.<\/p>\n","protected":false},"excerpt":{"rendered":"<p>El intendente Gustavo Posse y la presidenta del PRO, Patricia Bullrich, recorrieron la nueva f\u00e1brica de pastas sin gluten de Rochino, una empresa familiar de m\u00e1s de 20 a\u00f1os, de San Isidro. Durante la visita, los funcionarios pudieron observar el funcionamiento y los protocolos de bioseguridad que tiene el nuevo espacio ubicado en Beccar, que [&hellip;]<\/p>\n","protected":false},"author":1,"featured_media":16431,"comment_status":"closed","ping_status":"open","sticky":false,"template":"","format":"standard","meta":{"footnotes":""},"categories":[20,48,21],"tags":[75],"class_list":{"0":"post-16423","1":"post","2":"type-post","3":"status-publish","4":"format-standard","5":"has-post-thumbnail","7":"category-municipios","8":"category-politica-argentina","9":"category-san-isidro","10":"tag-gustavo-posse"},"aioseo_notices":[],"_links":{"self":[{"href":"https:\/\/guiadenoticias.com.ar\/diario\/wp-json\/wp\/v2\/posts\/16423","targetHints":{"allow":["GET"]}}],"collection":[{"href":"https:\/\/guiadenoticias.com.ar\/diario\/wp-json\/wp\/v2\/posts"}],"about":[{"href":"https:\/\/guiadenoticias.com.ar\/diario\/wp-json\/wp\/v2\/types\/post"}],"author":[{"embeddable":true,"href":"https:\/\/guiadenoticias.com.ar\/diario\/wp-json\/wp\/v2\/users\/1"}],"replies":[{"embeddable":true,"href":"https:\/\/guiadenoticias.com.ar\/diario\/wp-json\/wp\/v2\/comments?post=16423"}],"version-history":[{"count":1,"href":"https:\/\/guiadenoticias.com.ar\/diario\/wp-json\/wp\/v2\/posts\/16423\/revisions"}],"predecessor-version":[{"id":16425,"href":"https:\/\/guiadenoticias.com.ar\/diario\/wp-json\/wp\/v2\/posts\/16423\/revisions\/16425"}],"wp:featuredmedia":[{"embeddable":true,"href":"https:\/\/guiadenoticias.com.ar\/diario\/wp-json\/wp\/v2\/media\/16431"}],"wp:attachment":[{"href":"https:\/\/guiadenoticias.com.ar\/diario\/wp-json\/wp\/v2\/media?parent=16423"}],"wp:term":[{"taxonomy":"category","embeddable":true,"href":"https:\/\/guiadenoticias.com.ar\/diario\/wp-json\/wp\/v2\/categories?post=16423"},{"taxonomy":"post_tag","embeddable":true,"href":"https:\/\/guiadenoticias.com.ar\/diario\/wp-json\/wp\/v2\/tags?post=16423"}],"curies":[{"name":"wp","href":"https:\/\/api.w.org\/{rel}","templated":true}]}}