{"id":16443,"date":"2020-11-17T01:57:04","date_gmt":"2020-11-17T04:57:04","guid":{"rendered":"https:\/\/guiadenoticias.com.ar\/diario\/?p=16443"},"modified":"2020-11-20T23:06:15","modified_gmt":"2020-11-21T02:06:15","slug":"el-bloque-fdt-pj-hizo-foco-en-las-obras-publicas","status":"publish","type":"post","link":"https:\/\/guiadenoticias.com.ar\/diario\/el-bloque-fdt-pj-hizo-foco-en-las-obras-publicas\/","title":{"rendered":"El bloque FdT \u2013 PJ hizo foco en las obras p\u00fablicas"},"content":{"rendered":"<p>En la d\u00e9cimo tercera sesi\u00f3n ordinaria del Concejo Deliberante de Tres de Febrero, el bloque del Frente de Todos-PJ hizo hincapi\u00e9, a trav\u00e9s de varios proyectos presentados, en el mantenimiento y reparaci\u00f3n de calles, plazas y espacios p\u00fablicos en distintos puntos del distrito.<\/p>\n<p>Los concejales destacaron que \u201cson zonas alejadas de los centros comerciales y de gran circulaci\u00f3n de gente, en donde viven vecinos que se sienten olvidados por el intendente\u201d. Algunos de estos barrios son el denominado \u201cLos Rusos\u201d, de Ciudadela, distintas zonas de Caseros Sur, Barrio Evita, Barrio Derqui, Barrio Churruca y Libertador.<\/p>\n<p>En el recinto hubo tambi\u00e9n un debate en torno a la entrega de alimentos en mal estado destinados al Sistema Alimentario Escolar. Por otro lado, la bancada solicit\u00f3 una se\u00f1alizaci\u00f3n en Villa Raffo en memoria del joven Kevin Quiroz, vecino fallecido el 12 de agosto de 2019 luego de ser v\u00edctima de un hecho de inseguridad.<\/p>\n<p>En dicha sesi\u00f3n trataron la adhesi\u00f3n a la Ley 15.035, a partir de un proyecto del FdT \u2013 PJ, sobre el Trastorno del Espectro Autista (TEA) y que permitir\u00e1 que Tres de Febrero cuente con un centro propio de detecci\u00f3n temprana y medidas de formaci\u00f3n para profesionales.<\/p>\n<p>Adem\u00e1s, los ediles realizaron un reconocimiento a las obras de infraestructura para mejorar distintas zonas ferroviarias del distrito, con fondos del gobierno nacional de alrededor de 1.900 millones de pesos.<\/p>\n<p>Desde el bloque se\u00f1alaron que \u201ces importante destacar la realizaci\u00f3n de dichas obras, ya que el contexto de pandemia gener\u00f3 erogaciones presupuestarias extras para el Gobierno, destinadas a fortalecer un sistema de salud que ven\u00eda muy debilitado, lo que hace m\u00e1s valioso el gesto de seguir apostando por el crecimiento en infraestructura de los municipios, incluso en aquellos donde el intendente no comparte los colores partidarios del Presidente\u201d.<\/p>\n","protected":false},"excerpt":{"rendered":"<p>En la d\u00e9cimo tercera sesi\u00f3n ordinaria del Concejo Deliberante de Tres de Febrero, el bloque del Frente de Todos-PJ hizo hincapi\u00e9, a trav\u00e9s de varios proyectos presentados, en el mantenimiento y reparaci\u00f3n de calles, plazas y espacios p\u00fablicos en distintos puntos del distrito. Los concejales destacaron que \u201cson zonas alejadas de los centros comerciales y [&hellip;]<\/p>\n","protected":false},"author":1,"featured_media":15533,"comment_status":"closed","ping_status":"open","sticky":false,"template":"","format":"standard","meta":{"footnotes":""},"categories":[70,20,48,26],"tags":[],"class_list":{"0":"post-16443","1":"post","2":"type-post","3":"status-publish","4":"format-standard","5":"has-post-thumbnail","7":"category-las-mas-leidas","8":"category-municipios","9":"category-politica-argentina","10":"category-tres-de-febrero"},"aioseo_notices":[],"_links":{"self":[{"href":"https:\/\/guiadenoticias.com.ar\/diario\/wp-json\/wp\/v2\/posts\/16443","targetHints":{"allow":["GET"]}}],"collection":[{"href":"https:\/\/guiadenoticias.com.ar\/diario\/wp-json\/wp\/v2\/posts"}],"about":[{"href":"https:\/\/guiadenoticias.com.ar\/diario\/wp-json\/wp\/v2\/types\/post"}],"author":[{"embeddable":true,"href":"https:\/\/guiadenoticias.com.ar\/diario\/wp-json\/wp\/v2\/users\/1"}],"replies":[{"embeddable":true,"href":"https:\/\/guiadenoticias.com.ar\/diario\/wp-json\/wp\/v2\/comments?post=16443"}],"version-history":[{"count":1,"href":"https:\/\/guiadenoticias.com.ar\/diario\/wp-json\/wp\/v2\/posts\/16443\/revisions"}],"predecessor-version":[{"id":16444,"href":"https:\/\/guiadenoticias.com.ar\/diario\/wp-json\/wp\/v2\/posts\/16443\/revisions\/16444"}],"wp:featuredmedia":[{"embeddable":true,"href":"https:\/\/guiadenoticias.com.ar\/diario\/wp-json\/wp\/v2\/media\/15533"}],"wp:attachment":[{"href":"https:\/\/guiadenoticias.com.ar\/diario\/wp-json\/wp\/v2\/media?parent=16443"}],"wp:term":[{"taxonomy":"category","embeddable":true,"href":"https:\/\/guiadenoticias.com.ar\/diario\/wp-json\/wp\/v2\/categories?post=16443"},{"taxonomy":"post_tag","embeddable":true,"href":"https:\/\/guiadenoticias.com.ar\/diario\/wp-json\/wp\/v2\/tags?post=16443"}],"curies":[{"name":"wp","href":"https:\/\/api.w.org\/{rel}","templated":true}]}}