{"id":16449,"date":"2020-11-18T22:07:44","date_gmt":"2020-11-19T01:07:44","guid":{"rendered":"https:\/\/guiadenoticias.com.ar\/diario\/?p=16449"},"modified":"2020-11-18T22:07:44","modified_gmt":"2020-11-19T01:07:44","slug":"media-sancion-en-diputados-del-impuesto-a-la-riqueza","status":"publish","type":"post","link":"https:\/\/guiadenoticias.com.ar\/diario\/media-sancion-en-diputados-del-impuesto-a-la-riqueza\/","title":{"rendered":"Media sanci\u00f3n en Diputados del impuesto a la riqueza"},"content":{"rendered":"<p>Luego de un extenso y acalorado debate, la <strong>C\u00e1mara de Diputados<\/strong> aprob\u00f3 a primera hora de este mi\u00e9rcoles el proyecto de ley de <strong>Aporte Solidario y Extraordinario<\/strong> para aquellos patrimonios que sean superiores a los 200 millones de pesos. El proyecto impulsado por el Frente de Todos tuvo 133 votos a favor &#8211; 19 correspondientes a otras bancadas &#8211; contra 115, y las dos abstenciones de la Izquierda.<\/p>\n<p>Seg\u00fan la norma con media sanci\u00f3n y ya enviada al Senado, el Gobierno busca recaudar alrededor de 300 mil millones de pesos para ser utilizado con fines sociales y sanitarios, vinculados con la pandemia de coronavirus. El llamado impuesto a la riqueza deber\u00eda ser pagado, en caso de convertirse en ley, por unas 10 mil personas, seg\u00fan los datos aportados por AFIP.<\/p>\n<p>A ra\u00edz del aislamiento preventivo al que se someti\u00f3 el presidente de la C\u00e1mara baja, <strong>Sergio Massa<\/strong>, por sospechas de contagio de Covid-19, la sesi\u00f3n comenz\u00f3 siendo presidida por el vice del cuerpo, \u00c1lvaro Gonz\u00e1lez. Luego de unas horas, tras el negativo que arroj\u00f3 el segundo hisopado, Massa retom\u00f3 las funciones presenciales en el Congreso y ocup\u00f3 su asiento en el recinto.<\/p>\n<p>La presentaci\u00f3n del proyecto recay\u00f3 en el presidente de la comisi\u00f3n de Presupuesto y miembro informante del Frente de Todos, <strong>Carlos Heller<\/strong>. El economista y autor del proyecto asegur\u00f3 por videoconferencia, \u00abestamos frente a una situaci\u00f3n de emergencia que es lo que le da la situaci\u00f3n de excepcionalidad, extraordinario. Y es por \u00fanica vez\u201d.<\/p>\n<p>Por su parte, Luciano Laspina (PRO) consider\u00f3 que la iniciativa impulsada por M\u00e1ximo Kirchner consagra una \u00abl\u00f3gica de pegarles un tiro en los pies de los empresarios que tienen que empujar del carro en la salida de la pandemia\u00bb de coronavirus.<\/p>\n<p>El santafesino dijo que el impuesto a la riqueza es \u00abconfiscatorio\u00bb porque hay una absorci\u00f3n por parte del Estado de una parte sustancial de la renta o la propiedad y cuestion\u00f3 que el aporte \u00abopera como doble imposici\u00f3n respecto del impuesto que hoy ya rige de Bienes Personales\u00bb.<\/p>\n<p>A su turno, <strong>Nicol\u00e1s del Ca\u00f1o<\/strong> justific\u00f3 la abstenci\u00f3n del Frente de Izquierda al opinar que la iniciativa es el \u00abcamuflaje de un ajuste contra el pueblo\u00bb que se lo quiere \u00abpresentar como algo revolucionario\u00bb. \u00abEs un proyecto que recauda muy poco y es un enga\u00f1o que intenta ocultar esta farsa\u00bb, indic\u00f3.<\/p>\n<p>En tanto, <strong>Graciela Cama\u00f1o<\/strong> (Consenso Federal) dijo que se trata de un \u00abimpuesto\u00bb que se superpondr\u00eda con la misma base imponible que ya fija el tributo de Bienes Personales, por lo que genera \u00abinseguridad jur\u00eddica\u00bb, \u00abp\u00e9rdida de confianza\u00bb y desaliento de inversiones.<\/p>\n<p><strong>M\u00e1ximo Kirchner<\/strong> cerr\u00f3 el debate. \u201cEste aporte solidario va a servir para conseguir m\u00e1s vacunas r\u00e1pidamente, para que el impacto de la llegada de esa segunda ola sea lo menor posible. No es tiempo para insultos. Es tiempo para construir una sociedad que tenga la conducta, voluntad y disciplina necesaria hasta que la mayor\u00eda de los argentinos est\u00e9n vacunados. Lo que queremos es una Argentina con argentinas y argentinos vivos y sanos\u201d, sostuvo.<\/p>\n","protected":false},"excerpt":{"rendered":"<p>Luego de un extenso y acalorado debate, la C\u00e1mara de Diputados aprob\u00f3 a primera hora de este mi\u00e9rcoles el proyecto de ley de Aporte Solidario y Extraordinario para aquellos patrimonios que sean superiores a los 200 millones de pesos. El proyecto impulsado por el Frente de Todos tuvo 133 votos a favor &#8211; 19 correspondientes [&hellip;]<\/p>\n","protected":false},"author":1,"featured_media":16450,"comment_status":"closed","ping_status":"open","sticky":false,"template":"","format":"standard","meta":{"footnotes":""},"categories":[49,30,48],"tags":[],"class_list":{"0":"post-16449","1":"post","2":"type-post","3":"status-publish","4":"format-standard","5":"has-post-thumbnail","7":"category-economia-y-gremiales","8":"category-nacion","9":"category-politica-argentina"},"aioseo_notices":[],"_links":{"self":[{"href":"https:\/\/guiadenoticias.com.ar\/diario\/wp-json\/wp\/v2\/posts\/16449","targetHints":{"allow":["GET"]}}],"collection":[{"href":"https:\/\/guiadenoticias.com.ar\/diario\/wp-json\/wp\/v2\/posts"}],"about":[{"href":"https:\/\/guiadenoticias.com.ar\/diario\/wp-json\/wp\/v2\/types\/post"}],"author":[{"embeddable":true,"href":"https:\/\/guiadenoticias.com.ar\/diario\/wp-json\/wp\/v2\/users\/1"}],"replies":[{"embeddable":true,"href":"https:\/\/guiadenoticias.com.ar\/diario\/wp-json\/wp\/v2\/comments?post=16449"}],"version-history":[{"count":1,"href":"https:\/\/guiadenoticias.com.ar\/diario\/wp-json\/wp\/v2\/posts\/16449\/revisions"}],"predecessor-version":[{"id":16451,"href":"https:\/\/guiadenoticias.com.ar\/diario\/wp-json\/wp\/v2\/posts\/16449\/revisions\/16451"}],"wp:featuredmedia":[{"embeddable":true,"href":"https:\/\/guiadenoticias.com.ar\/diario\/wp-json\/wp\/v2\/media\/16450"}],"wp:attachment":[{"href":"https:\/\/guiadenoticias.com.ar\/diario\/wp-json\/wp\/v2\/media?parent=16449"}],"wp:term":[{"taxonomy":"category","embeddable":true,"href":"https:\/\/guiadenoticias.com.ar\/diario\/wp-json\/wp\/v2\/categories?post=16449"},{"taxonomy":"post_tag","embeddable":true,"href":"https:\/\/guiadenoticias.com.ar\/diario\/wp-json\/wp\/v2\/tags?post=16449"}],"curies":[{"name":"wp","href":"https:\/\/api.w.org\/{rel}","templated":true}]}}