{"id":16452,"date":"2020-11-18T22:27:10","date_gmt":"2020-11-19T01:27:10","guid":{"rendered":"https:\/\/guiadenoticias.com.ar\/diario\/?p=16452"},"modified":"2020-11-18T22:27:10","modified_gmt":"2020-11-19T01:27:10","slug":"valenzuela-y-garro-recorrieron-comunas-del-interior-bonaerense","status":"publish","type":"post","link":"https:\/\/guiadenoticias.com.ar\/diario\/valenzuela-y-garro-recorrieron-comunas-del-interior-bonaerense\/","title":{"rendered":"Valenzuela y Garro recorrieron Comunas del interior bonaerense"},"content":{"rendered":"<p>Los intendentes de Juntos por el Cambio <strong>Diego Valenzuela<\/strong> (Tres de Febrero) y<strong> Julio Garro<\/strong> (La Plata) visitaron los municipios de Capit\u00e1n Sarmiento y San Antonio de Areco, donde se reunieron con sus pares Javier Iguacel y Francisco Ratto, respectivamente, con quienes coincidieron en la necesidad de \u201cgenerar consensos que tengan como objetivo que los bonaerenses vivan mejor\u201d.<\/p>\n<p>Valenzuela sostuvo que se \u201cbusca trabajar contemplando la diversidad de las regiones de esta provincia y es por eso que estos encuentros resultan muy valiosos ya que permiten compartir experiencias con otros intendentes\u201d.<\/p>\n<p>Agreg\u00f3 asimismo: \u201cApostamos a una provincia que promueva la producci\u00f3n, el turismo y las oportunidades para todos los que quieran trabajar y desarrollarse\u201d. En relaci\u00f3n con un esquema de trabajo mancomunado entre los municipios, se\u00f1al\u00f3 que \u201cel Conurbano y el interior tienen que accionar en conjunto para generar una provincia con igualdad de oportunidades para todos los bonaerenses\u201d.<\/p>\n<p>Por su parte, Julio Garro, destac\u00f3 que \u201cgran parte de los problemas que tenemos en los municipios es la falta de planificaci\u00f3n\u201d. Adem\u00e1s, sostuvo que \u201cdebemos trabajar en la identidad de los bonaerenses, uniendo las dos realidades de esta provincia, que son el Conurbano y el interior\u201d. En ese sentido, remarc\u00f3: \u201cHay que establecer reglas claras para proyectar la expansi\u00f3n y el crecimiento de los municipios y de la provincia en su conjunto, que nos permitan atraer inversiones, dar garant\u00edas y previsibilidad a quienes quieren invertir y generar trabajo\u201d.<\/p>\n<p>En ese marco, en Capit\u00e1n Sarmiento, Comuna donde se origin\u00f3 la bandera que da identidad a los bonaerenses, Javier Iguacel expres\u00f3, \u201cestos encuentros nos permiten intercambiar experiencias, abordar la realidad de cada uno de los municipios y llevar adelante pol\u00edticas p\u00fablicas para mejorarle la calidad de vida a los vecinos\u201d.<\/p>\n<p>Mientras que en San Antonio de Areco, que esta semana celebra su condici\u00f3n de ser la \u201cCapital de la Tradici\u00f3n\u201d, su jefe comunal, Francisco Ratto dijo: \u201cA pesar de este contexto tan dif\u00edcil que hoy nos toca atravesar, estamos seguros que con responsabilidad y trabajo en equipo vamos a salir adelante\u201d.<\/p>\n<p>Adem\u00e1s, Valenzuela y Garro recorrieron las dos ciudades, charlaron con vecinos, emprendedores y artesanos.<\/p>\n","protected":false},"excerpt":{"rendered":"<p>Los intendentes de Juntos por el Cambio Diego Valenzuela (Tres de Febrero) y Julio Garro (La Plata) visitaron los municipios de Capit\u00e1n Sarmiento y San Antonio de Areco, donde se reunieron con sus pares Javier Iguacel y Francisco Ratto, respectivamente, con quienes coincidieron en la necesidad de \u201cgenerar consensos que tengan como objetivo que los [&hellip;]<\/p>\n","protected":false},"author":1,"featured_media":16453,"comment_status":"closed","ping_status":"open","sticky":false,"template":"","format":"standard","meta":{"footnotes":""},"categories":[20,48,26],"tags":[72],"class_list":{"0":"post-16452","1":"post","2":"type-post","3":"status-publish","4":"format-standard","5":"has-post-thumbnail","7":"category-municipios","8":"category-politica-argentina","9":"category-tres-de-febrero","10":"tag-diego-valenzuela"},"aioseo_notices":[],"_links":{"self":[{"href":"https:\/\/guiadenoticias.com.ar\/diario\/wp-json\/wp\/v2\/posts\/16452","targetHints":{"allow":["GET"]}}],"collection":[{"href":"https:\/\/guiadenoticias.com.ar\/diario\/wp-json\/wp\/v2\/posts"}],"about":[{"href":"https:\/\/guiadenoticias.com.ar\/diario\/wp-json\/wp\/v2\/types\/post"}],"author":[{"embeddable":true,"href":"https:\/\/guiadenoticias.com.ar\/diario\/wp-json\/wp\/v2\/users\/1"}],"replies":[{"embeddable":true,"href":"https:\/\/guiadenoticias.com.ar\/diario\/wp-json\/wp\/v2\/comments?post=16452"}],"version-history":[{"count":1,"href":"https:\/\/guiadenoticias.com.ar\/diario\/wp-json\/wp\/v2\/posts\/16452\/revisions"}],"predecessor-version":[{"id":16454,"href":"https:\/\/guiadenoticias.com.ar\/diario\/wp-json\/wp\/v2\/posts\/16452\/revisions\/16454"}],"wp:featuredmedia":[{"embeddable":true,"href":"https:\/\/guiadenoticias.com.ar\/diario\/wp-json\/wp\/v2\/media\/16453"}],"wp:attachment":[{"href":"https:\/\/guiadenoticias.com.ar\/diario\/wp-json\/wp\/v2\/media?parent=16452"}],"wp:term":[{"taxonomy":"category","embeddable":true,"href":"https:\/\/guiadenoticias.com.ar\/diario\/wp-json\/wp\/v2\/categories?post=16452"},{"taxonomy":"post_tag","embeddable":true,"href":"https:\/\/guiadenoticias.com.ar\/diario\/wp-json\/wp\/v2\/tags?post=16452"}],"curies":[{"name":"wp","href":"https:\/\/api.w.org\/{rel}","templated":true}]}}