{"id":16462,"date":"2020-11-20T23:03:12","date_gmt":"2020-11-21T02:03:12","guid":{"rendered":"https:\/\/guiadenoticias.com.ar\/diario\/?p=16462"},"modified":"2020-11-20T23:03:12","modified_gmt":"2020-11-21T02:03:12","slug":"descalzo-y-berni-mantuvieron-una-reunion-de-trabajo","status":"publish","type":"post","link":"https:\/\/guiadenoticias.com.ar\/diario\/descalzo-y-berni-mantuvieron-una-reunion-de-trabajo\/","title":{"rendered":"Descalzo y  Berni mantuvieron una reuni\u00f3n de trabajo"},"content":{"rendered":"<p>El ministro de Seguridad de Buenos Aires, <strong>Sergio Berni<\/strong>, se reuni\u00f3 con el intendente <strong>Alberto Descalzo<\/strong> para dialogar acerca del trabajo coordinado que se lleva a cabo en <strong>Ituzaing\u00f3<\/strong>.<\/p>\n<p>Del encuentro, en el polideportivo La Torcaza, tambi\u00e9n participaron el presidente del Concejo Deliberante, Pablo Piana; el jefe de Gabinete, Pablo Descalzo; el secretario de Gobierno, Juan Manuel \u00c1lvarez Luna, y el subsecretario de Seguridad, Marcelo M\u00e9ndez.<\/p>\n<p>Seg\u00fan trascendi\u00f3, las autoridades dialogaron sobre la situaci\u00f3n en el distrito y las distintas iniciativas y acciones que proyectan implementar en materia de seguridad. Una vez concluida la reuni\u00f3n, los funcionarios participaron de un operativo de control vehicular, en la intersecci\u00f3n de Colectora y la avenida Mart\u00edn Fierro.<\/p>\n<p>En ese marco, Sergio Berni sostuvo: \u201cEstamos haciendo un cambio importante en la Polic\u00eda. Ituzaing\u00f3 es un distrito que no puede estar ajeno a todas estas transformaciones. Si bien nosotros, desde Provincia, tenemos el manejo de las fuerzas de seguridad, la experiencia y el conocimiento que tienen los intendentes sobre la realidad de cada uno de sus distritos es fundamental a la hora de planificar pol\u00edticas a largo plazo\u201d.<\/p>\n<p>Por su parte, el jefe comunal mencion\u00f3, \u201ctrabajamos en pos de mejorar la seguridad en el distrito. Con estos encuentros sentimos el acompa\u00f1amiento de Sergio (Berni) y nos pone contentos tener la posibilidad de trabajar juntos de manera articulada, para darles la seguridad que se merecen los vecinos y las vecinas\u201d.<\/p>\n","protected":false},"excerpt":{"rendered":"<p>El ministro de Seguridad de Buenos Aires, Sergio Berni, se reuni\u00f3 con el intendente Alberto Descalzo para dialogar acerca del trabajo coordinado que se lleva a cabo en Ituzaing\u00f3. Del encuentro, en el polideportivo La Torcaza, tambi\u00e9n participaron el presidente del Concejo Deliberante, Pablo Piana; el jefe de Gabinete, Pablo Descalzo; el secretario de Gobierno, [&hellip;]<\/p>\n","protected":false},"author":1,"featured_media":16463,"comment_status":"closed","ping_status":"open","sticky":false,"template":"","format":"standard","meta":{"footnotes":""},"categories":[29,20,48],"tags":[77],"class_list":{"0":"post-16462","1":"post","2":"type-post","3":"status-publish","4":"format-standard","5":"has-post-thumbnail","7":"category-ituzaingo","8":"category-municipios","9":"category-politica-argentina","10":"tag-alberto-descalzo"},"aioseo_notices":[],"_links":{"self":[{"href":"https:\/\/guiadenoticias.com.ar\/diario\/wp-json\/wp\/v2\/posts\/16462","targetHints":{"allow":["GET"]}}],"collection":[{"href":"https:\/\/guiadenoticias.com.ar\/diario\/wp-json\/wp\/v2\/posts"}],"about":[{"href":"https:\/\/guiadenoticias.com.ar\/diario\/wp-json\/wp\/v2\/types\/post"}],"author":[{"embeddable":true,"href":"https:\/\/guiadenoticias.com.ar\/diario\/wp-json\/wp\/v2\/users\/1"}],"replies":[{"embeddable":true,"href":"https:\/\/guiadenoticias.com.ar\/diario\/wp-json\/wp\/v2\/comments?post=16462"}],"version-history":[{"count":1,"href":"https:\/\/guiadenoticias.com.ar\/diario\/wp-json\/wp\/v2\/posts\/16462\/revisions"}],"predecessor-version":[{"id":16464,"href":"https:\/\/guiadenoticias.com.ar\/diario\/wp-json\/wp\/v2\/posts\/16462\/revisions\/16464"}],"wp:featuredmedia":[{"embeddable":true,"href":"https:\/\/guiadenoticias.com.ar\/diario\/wp-json\/wp\/v2\/media\/16463"}],"wp:attachment":[{"href":"https:\/\/guiadenoticias.com.ar\/diario\/wp-json\/wp\/v2\/media?parent=16462"}],"wp:term":[{"taxonomy":"category","embeddable":true,"href":"https:\/\/guiadenoticias.com.ar\/diario\/wp-json\/wp\/v2\/categories?post=16462"},{"taxonomy":"post_tag","embeddable":true,"href":"https:\/\/guiadenoticias.com.ar\/diario\/wp-json\/wp\/v2\/tags?post=16462"}],"curies":[{"name":"wp","href":"https:\/\/api.w.org\/{rel}","templated":true}]}}