{"id":16499,"date":"2020-11-26T02:19:29","date_gmt":"2020-11-26T05:19:29","guid":{"rendered":"https:\/\/guiadenoticias.com.ar\/diario\/?p=16499"},"modified":"2020-11-27T02:20:57","modified_gmt":"2020-11-27T05:20:57","slug":"charla-abierta-entre-jorge-macri-y-vidal","status":"publish","type":"post","link":"https:\/\/guiadenoticias.com.ar\/diario\/charla-abierta-entre-jorge-macri-y-vidal\/","title":{"rendered":"Charla abierta entre Jorge Macri y Vidal"},"content":{"rendered":"<p>En una nueva edici\u00f3n del ciclo de encuentros semanales, el intendente de Vicente L\u00f3pez, <strong>Jorge Macri<\/strong>, y la ex gobernadora <strong>Mar\u00eda Eugenia Vidal<\/strong> dialogaron sobre la coyuntura pol\u00edtica y el futuro de la Argentina, ante la mirada de cientos de personas que se sumaron v\u00eda Zoom.<\/p>\n<p>En la charla abierta, que cont\u00f3 con la moderaci\u00f3n del senador provincial Franco Bagnato, ambos hablaron sobre la importancia de los sentimientos al momento de gobernar, y los peligros de la indiferencia. \u00abLa provincia te tiene que doler. Hay algo que a m\u00ed me tiene muy obsesionado y es esto del tiempo y del dolor. Uno tiende a pensar que es m\u00e1s f\u00e1cil ejercer un rol dif\u00edcil si te importa poco, y hemos visto bastante de eso en Provincia\u00bb, destac\u00f3 el jefe comunal.<\/p>\n<p>Desde su experiencia como polit\u00f3loga y siendo la primera mujer en ocupar el cargo de gobernadora bonaerense, Vidal destac\u00f3: \u00abMis a\u00f1os en Provincia me ense\u00f1aron que con tener raz\u00f3n no alcanza, porque la construcci\u00f3n se hace con otros. La gran lecci\u00f3n que me deja la gobernaci\u00f3n es que nunca hay que cansarse de escuchar\u00bb.<\/p>\n<p>Otro de los temas que se abord\u00f3 fue la educaci\u00f3n. \u00abQui\u00e9n habr\u00e1 sido el genio que defini\u00f3 que la educaci\u00f3n no es esencial &#8211; se pregunt\u00f3 Macri -. Qu\u00e9 nos pas\u00f3 que hemos desarrollado protocolos para casi todo menos para eso. Qu\u00e9 mensaje estamos dando a los chicos\u201d, redonde\u00f3.<\/p>\n","protected":false},"excerpt":{"rendered":"<p>En una nueva edici\u00f3n del ciclo de encuentros semanales, el intendente de Vicente L\u00f3pez, Jorge Macri, y la ex gobernadora Mar\u00eda Eugenia Vidal dialogaron sobre la coyuntura pol\u00edtica y el futuro de la Argentina, ante la mirada de cientos de personas que se sumaron v\u00eda Zoom. En la charla abierta, que cont\u00f3 con la moderaci\u00f3n [&hellip;]<\/p>\n","protected":false},"author":1,"featured_media":16500,"comment_status":"closed","ping_status":"open","sticky":false,"template":"","format":"standard","meta":{"footnotes":""},"categories":[20,48,25],"tags":[71,100],"class_list":{"0":"post-16499","1":"post","2":"type-post","3":"status-publish","4":"format-standard","5":"has-post-thumbnail","7":"category-municipios","8":"category-politica-argentina","9":"category-vicente-lopez","10":"tag-jorge-macri","11":"tag-maria-eugenia-vidal"},"aioseo_notices":[],"_links":{"self":[{"href":"https:\/\/guiadenoticias.com.ar\/diario\/wp-json\/wp\/v2\/posts\/16499","targetHints":{"allow":["GET"]}}],"collection":[{"href":"https:\/\/guiadenoticias.com.ar\/diario\/wp-json\/wp\/v2\/posts"}],"about":[{"href":"https:\/\/guiadenoticias.com.ar\/diario\/wp-json\/wp\/v2\/types\/post"}],"author":[{"embeddable":true,"href":"https:\/\/guiadenoticias.com.ar\/diario\/wp-json\/wp\/v2\/users\/1"}],"replies":[{"embeddable":true,"href":"https:\/\/guiadenoticias.com.ar\/diario\/wp-json\/wp\/v2\/comments?post=16499"}],"version-history":[{"count":1,"href":"https:\/\/guiadenoticias.com.ar\/diario\/wp-json\/wp\/v2\/posts\/16499\/revisions"}],"predecessor-version":[{"id":16501,"href":"https:\/\/guiadenoticias.com.ar\/diario\/wp-json\/wp\/v2\/posts\/16499\/revisions\/16501"}],"wp:featuredmedia":[{"embeddable":true,"href":"https:\/\/guiadenoticias.com.ar\/diario\/wp-json\/wp\/v2\/media\/16500"}],"wp:attachment":[{"href":"https:\/\/guiadenoticias.com.ar\/diario\/wp-json\/wp\/v2\/media?parent=16499"}],"wp:term":[{"taxonomy":"category","embeddable":true,"href":"https:\/\/guiadenoticias.com.ar\/diario\/wp-json\/wp\/v2\/categories?post=16499"},{"taxonomy":"post_tag","embeddable":true,"href":"https:\/\/guiadenoticias.com.ar\/diario\/wp-json\/wp\/v2\/tags?post=16499"}],"curies":[{"name":"wp","href":"https:\/\/api.w.org\/{rel}","templated":true}]}}