{"id":16517,"date":"2020-11-30T22:19:12","date_gmt":"2020-12-01T01:19:12","guid":{"rendered":"https:\/\/guiadenoticias.com.ar\/diario\/?p=16517"},"modified":"2020-11-30T22:19:12","modified_gmt":"2020-12-01T01:19:12","slug":"juan-andreotti-y-malena-galmarini-supervisaron-obras-del-barrio-mil-viviendas","status":"publish","type":"post","link":"https:\/\/guiadenoticias.com.ar\/diario\/juan-andreotti-y-malena-galmarini-supervisaron-obras-del-barrio-mil-viviendas\/","title":{"rendered":"Juan Andreotti y Malena Galmarini supervisaron obras del barrio Mil Viviendas"},"content":{"rendered":"<p>Luego de una reuni\u00f3n de trabajo en el Palacio Municipal, el intendente de San Fernando, <strong>Juan Andreotti<\/strong>, y la presidenta de Aysa,<strong> Malena Galmarini<\/strong>, recorrieron los trabajos que se llevan adelante sobre la calle Arnoldi, que consisten en la colocaci\u00f3n de un conducto aliviador cloacal para el barrio Mil Viviendas. A ra\u00edz de esta obra se conectar\u00e1n a la red de cloacas.<\/p>\n<p>\u201cEstamos solucionando un problema hist\u00f3rico, donde el servicio era deficiente, y hoy lleg\u00f3 una inversi\u00f3n de <strong>Aysa<\/strong> de 20 millones de pesos, que le permite a este barrio tener el mismo servicio que a la mayor\u00eda de los sanfernandinos\u201d, se\u00f1al\u00f3 el jefe comunal, y agradeci\u00f3 a Galmarini, a quien consider\u00f3 \u201cuna vecina m\u00e1s\u201d.<\/p>\n<p>En otro orden, Andreotti destac\u00f3: \u201cAtravesamos una pandemia muy dif\u00edcil y este tipo de obras cerca de cada barrio con trabajos que mejoren la calidad de vida de nuestros vecinos, es fundamental\u201d.<\/p>\n<p>Por su parte, la titular de Aysa mencion\u00f3 que \u201ceste era un barrio desvinculado. Por eso, estamos instalando un canal aliviador que va a ir a la Planta Depuradora Norte y llevar\u00e1 un mejor servicio a 5 mil habitantes. Nuestro objetivo es brindar un mejor servicio y cuidar el medio ambiente\u201d.<\/p>\n","protected":false},"excerpt":{"rendered":"<p>Luego de una reuni\u00f3n de trabajo en el Palacio Municipal, el intendente de San Fernando, Juan Andreotti, y la presidenta de Aysa, Malena Galmarini, recorrieron los trabajos que se llevan adelante sobre la calle Arnoldi, que consisten en la colocaci\u00f3n de un conducto aliviador cloacal para el barrio Mil Viviendas. A ra\u00edz de esta obra [&hellip;]<\/p>\n","protected":false},"author":1,"featured_media":16518,"comment_status":"closed","ping_status":"open","sticky":false,"template":"","format":"standard","meta":{"footnotes":""},"categories":[20,22],"tags":[76,91],"class_list":{"0":"post-16517","1":"post","2":"type-post","3":"status-publish","4":"format-standard","5":"has-post-thumbnail","7":"category-municipios","8":"category-san-fernando","9":"tag-juan-andreotti","10":"tag-malena-galmarini"},"aioseo_notices":[],"_links":{"self":[{"href":"https:\/\/guiadenoticias.com.ar\/diario\/wp-json\/wp\/v2\/posts\/16517","targetHints":{"allow":["GET"]}}],"collection":[{"href":"https:\/\/guiadenoticias.com.ar\/diario\/wp-json\/wp\/v2\/posts"}],"about":[{"href":"https:\/\/guiadenoticias.com.ar\/diario\/wp-json\/wp\/v2\/types\/post"}],"author":[{"embeddable":true,"href":"https:\/\/guiadenoticias.com.ar\/diario\/wp-json\/wp\/v2\/users\/1"}],"replies":[{"embeddable":true,"href":"https:\/\/guiadenoticias.com.ar\/diario\/wp-json\/wp\/v2\/comments?post=16517"}],"version-history":[{"count":1,"href":"https:\/\/guiadenoticias.com.ar\/diario\/wp-json\/wp\/v2\/posts\/16517\/revisions"}],"predecessor-version":[{"id":16519,"href":"https:\/\/guiadenoticias.com.ar\/diario\/wp-json\/wp\/v2\/posts\/16517\/revisions\/16519"}],"wp:featuredmedia":[{"embeddable":true,"href":"https:\/\/guiadenoticias.com.ar\/diario\/wp-json\/wp\/v2\/media\/16518"}],"wp:attachment":[{"href":"https:\/\/guiadenoticias.com.ar\/diario\/wp-json\/wp\/v2\/media?parent=16517"}],"wp:term":[{"taxonomy":"category","embeddable":true,"href":"https:\/\/guiadenoticias.com.ar\/diario\/wp-json\/wp\/v2\/categories?post=16517"},{"taxonomy":"post_tag","embeddable":true,"href":"https:\/\/guiadenoticias.com.ar\/diario\/wp-json\/wp\/v2\/tags?post=16517"}],"curies":[{"name":"wp","href":"https:\/\/api.w.org\/{rel}","templated":true}]}}