{"id":16544,"date":"2020-12-04T02:12:45","date_gmt":"2020-12-04T05:12:45","guid":{"rendered":"https:\/\/guiadenoticias.com.ar\/diario\/?p=16544"},"modified":"2020-12-04T02:12:45","modified_gmt":"2020-12-04T05:12:45","slug":"descalzo-y-persico-firmaron-un-convenio-de-cooperacion","status":"publish","type":"post","link":"https:\/\/guiadenoticias.com.ar\/diario\/descalzo-y-persico-firmaron-un-convenio-de-cooperacion\/","title":{"rendered":"Descalzo y P\u00e9rsico firmaron un convenio de cooperaci\u00f3n"},"content":{"rendered":"<p>El <strong>intendente Alberto Descalzo<\/strong>, el secretario de Econom\u00eda Social del Ministerio de Desarrollo Social de Naci\u00f3n, <strong>Emilio P\u00e9rsico<\/strong>, y el presidente de la Cooperativa La Muchachita de los Toldos, Ariel Aranda, encabezaron la firma de un convenio de cooperaci\u00f3n para la gesti\u00f3n de residuos s\u00f3lidos urbanos.<\/p>\n<p>La actividad, que se llev\u00f3 a cabo en el Auditorio N\u00e9stor Kirchner, cont\u00f3 con la participaci\u00f3n del director de Comercializaci\u00f3n de la Subsecretar\u00eda de Econom\u00eda Popular, Juan Aceituno; el jefe de Gabinete, Pablo Descalzo; el secretario de Gobierno, Seguridad y Servicios P\u00fablicos, Juan Manuel \u00c1lvarez Luna; el secretario de Planificaci\u00f3n, Desarrollo Urbano y Ambiente, Mart\u00edn Rossi, y la directora de Pol\u00edticas Ambientales, D\u00e9bora Guerra.<\/p>\n<p>A trav\u00e9s de este acuerdo, el municipio afirma su compromiso de trabajar de manera articulada junto con La Muchachita de los Toldos, un emprendimiento local compuesto por trabajadores y trabajadoras de la econom\u00eda social que se dedican al reciclado y acopio de residuos urbanos.<\/p>\n<p>Al finalizar la actividad, el jefe comunal se\u00f1al\u00f3: \u201cNo podemos pensar las pol\u00edticas ambientales si no las pensamos de forma transversal. Requiere una articulaci\u00f3n entre todos los sectores y actores de la sociedad\u201d, agreg\u00f3 que en ese sentido, \u201cel acuerdo que firmamos es fundamental, porque responde a una l\u00f3gica de trabajo conjunto, en unidad y en pos de un ambiente m\u00e1s saludable para todos y todas\u201d.<\/p>\n","protected":false},"excerpt":{"rendered":"<p>El intendente Alberto Descalzo, el secretario de Econom\u00eda Social del Ministerio de Desarrollo Social de Naci\u00f3n, Emilio P\u00e9rsico, y el presidente de la Cooperativa La Muchachita de los Toldos, Ariel Aranda, encabezaron la firma de un convenio de cooperaci\u00f3n para la gesti\u00f3n de residuos s\u00f3lidos urbanos. La actividad, que se llev\u00f3 a cabo en el [&hellip;]<\/p>\n","protected":false},"author":1,"featured_media":16545,"comment_status":"closed","ping_status":"open","sticky":false,"template":"","format":"standard","meta":{"footnotes":""},"categories":[29,20,48],"tags":[77],"class_list":{"0":"post-16544","1":"post","2":"type-post","3":"status-publish","4":"format-standard","5":"has-post-thumbnail","7":"category-ituzaingo","8":"category-municipios","9":"category-politica-argentina","10":"tag-alberto-descalzo"},"aioseo_notices":[],"_links":{"self":[{"href":"https:\/\/guiadenoticias.com.ar\/diario\/wp-json\/wp\/v2\/posts\/16544","targetHints":{"allow":["GET"]}}],"collection":[{"href":"https:\/\/guiadenoticias.com.ar\/diario\/wp-json\/wp\/v2\/posts"}],"about":[{"href":"https:\/\/guiadenoticias.com.ar\/diario\/wp-json\/wp\/v2\/types\/post"}],"author":[{"embeddable":true,"href":"https:\/\/guiadenoticias.com.ar\/diario\/wp-json\/wp\/v2\/users\/1"}],"replies":[{"embeddable":true,"href":"https:\/\/guiadenoticias.com.ar\/diario\/wp-json\/wp\/v2\/comments?post=16544"}],"version-history":[{"count":1,"href":"https:\/\/guiadenoticias.com.ar\/diario\/wp-json\/wp\/v2\/posts\/16544\/revisions"}],"predecessor-version":[{"id":16546,"href":"https:\/\/guiadenoticias.com.ar\/diario\/wp-json\/wp\/v2\/posts\/16544\/revisions\/16546"}],"wp:featuredmedia":[{"embeddable":true,"href":"https:\/\/guiadenoticias.com.ar\/diario\/wp-json\/wp\/v2\/media\/16545"}],"wp:attachment":[{"href":"https:\/\/guiadenoticias.com.ar\/diario\/wp-json\/wp\/v2\/media?parent=16544"}],"wp:term":[{"taxonomy":"category","embeddable":true,"href":"https:\/\/guiadenoticias.com.ar\/diario\/wp-json\/wp\/v2\/categories?post=16544"},{"taxonomy":"post_tag","embeddable":true,"href":"https:\/\/guiadenoticias.com.ar\/diario\/wp-json\/wp\/v2\/tags?post=16544"}],"curies":[{"name":"wp","href":"https:\/\/api.w.org\/{rel}","templated":true}]}}