{"id":16552,"date":"2020-12-05T21:56:50","date_gmt":"2020-12-06T00:56:50","guid":{"rendered":"https:\/\/guiadenoticias.com.ar\/diario\/?p=16552"},"modified":"2020-12-12T03:05:54","modified_gmt":"2020-12-12T06:05:54","slug":"lis-diaz-avanza-en-el-trabajo-territorial","status":"publish","type":"post","link":"https:\/\/guiadenoticias.com.ar\/diario\/lis-diaz-avanza-en-el-trabajo-territorial\/","title":{"rendered":"Lis D\u00edaz avanza en el trabajo territorial"},"content":{"rendered":"<p>Desde el 25 de noviembre, D\u00eda mundial Contra la Violencia de G\u00e9nero, Moreno tiene Secretar\u00eda de Mujeres, G\u00e9neros y Diversidades, y la flamante secretaria es la concejala de Tres de Febrero <strong>Lis D\u00edaz<\/strong>, quien expres\u00f3 que el \u00e1rea apunta a dos frentes \u201cla asistencia y abordaje integral de la violencia; y la prevenci\u00f3n y promoci\u00f3n de derechos\u201d.<\/p>\n<p>\u201cLa tarea de prevenci\u00f3n y asistencia hasta ese momento se hac\u00eda a trav\u00e9s de la direcci\u00f3n; era una deuda jerarquizar el \u00e1rea\u201d, cont\u00f3 la funcionaria en di\u00e1logo con Gu\u00eda de Noticias. El d\u00eda de su asunci\u00f3n formal hicieron una jornada callejera de sensibilizaci\u00f3n y visitaron la obra del primer refugio municipal pr\u00f3ximo a inaugurarse.<\/p>\n<p>Seg\u00fan mencion\u00f3 la referente del Movimiento Evita, la situaci\u00f3n en el municipio gobernado por Mariel Fern\u00e1ndez es parecida a la del resto de los distritos del Conurbano. \u201cDurante el Aislamiento Social Preventivo y Obligatorio aument\u00f3 la demanda en temas de asistencia en relaci\u00f3n con lo alimentario, legal\u201d, relat\u00f3 D\u00edaz, y se\u00f1al\u00f3 que tambi\u00e9n \u201caumentaron las denuncias por violencia e incluso los femicidios\u201d.<\/p>\n<p>A su vez, dijo que como respuesta la Comuna implement\u00f3 una guardia de g\u00e9nero, que funciona las 24 horas; asimismo entreg\u00f3 botones antip\u00e1nico. A la par, la secretaria destac\u00f3 que en Moreno existe \u201cmucha organizaci\u00f3n comunitaria, que tiene presencia\u201d en el territorio y colabora con distintas acciones.<\/p>\n<p>Hay que sumar a la Mesa de Pol\u00edtica Criminal, donde articulan con la Secretar\u00eda de Seguridad, Justicia y Derechos Humanos, tambi\u00e9n con los juzgados de familia.<\/p>\n<p>Consultada por el abordaje de las problem\u00e1ticas del colectivo Lgbtq+, indic\u00f3 que \u201cla Direcci\u00f3n de Diversidades trabaja no s\u00f3lo por la inclusi\u00f3n laboral, donde hay programas del Ministerio de Desarrollo Social como Potenciar Trabajo. Y en Cultura y Deportes se articula con otras \u00e1reas del municipio\u201d. Adem\u00e1s, est\u00e1 vigente la Ordenanza por el cupo laboral trans.<\/p>\n<p>Relacionado con el debate por el aborto, D\u00edaz se\u00f1al\u00f3: \u201cGarantizamos las herramientas para todas las personas gestantes del acceso para lo previsto hoy en el C\u00f3digo Penal, la interrupci\u00f3n legal del embarazo, que se garantiza en todas las salitas del municipio\u201d, y a\u00f1adi\u00f3, \u201copinamos que es un tema de salud p\u00fablica, que debe ser abordado con mucho debate y consenso, y esperamos que sea la mejor ley\u201d.<\/p>\n<p><em>DOBLE TAREA<\/em><\/p>\n<p>Lis D\u00edaz contin\u00faa en su banca del Frente de Todos \u2013 PJ de Tres de Febrero. \u201cLa participaci\u00f3n en Moreno la considero como una oportunidad para seguir creciendo, para formarme\u201d, dijo y aclar\u00f3 que all\u00ed es funcionaria ad honorem.<\/p>\n<p>Su intenci\u00f3n es trasladar la experiencia de Moreno a Tres de Febrero donde \u201cesta poblaci\u00f3n est\u00e1 en riesgo. Los problemas de las mujeres y las diversidades no son abordados de forma integral\u201d.<\/p>\n<p>\u201cUna prioridad no invalida a la otra. Voy a desarrollar las dos funciones con eficiencia\u201d, sostuvo en la charla con este portal, e incluso remarc\u00f3, \u201cme va a potenciar en mi tarea legislativa\u201d.<\/p>\n","protected":false},"excerpt":{"rendered":"<p>Desde el 25 de noviembre, D\u00eda mundial Contra la Violencia de G\u00e9nero, Moreno tiene Secretar\u00eda de Mujeres, G\u00e9neros y Diversidades, y la flamante secretaria es la concejala de Tres de Febrero Lis D\u00edaz, quien expres\u00f3 que el \u00e1rea apunta a dos frentes \u201cla asistencia y abordaje integral de la violencia; y la prevenci\u00f3n y promoci\u00f3n [&hellip;]<\/p>\n","protected":false},"author":1,"featured_media":16553,"comment_status":"closed","ping_status":"open","sticky":false,"template":"","format":"standard","meta":{"footnotes":""},"categories":[70,20,48,26],"tags":[],"class_list":{"0":"post-16552","1":"post","2":"type-post","3":"status-publish","4":"format-standard","5":"has-post-thumbnail","7":"category-las-mas-leidas","8":"category-municipios","9":"category-politica-argentina","10":"category-tres-de-febrero"},"aioseo_notices":[],"_links":{"self":[{"href":"https:\/\/guiadenoticias.com.ar\/diario\/wp-json\/wp\/v2\/posts\/16552","targetHints":{"allow":["GET"]}}],"collection":[{"href":"https:\/\/guiadenoticias.com.ar\/diario\/wp-json\/wp\/v2\/posts"}],"about":[{"href":"https:\/\/guiadenoticias.com.ar\/diario\/wp-json\/wp\/v2\/types\/post"}],"author":[{"embeddable":true,"href":"https:\/\/guiadenoticias.com.ar\/diario\/wp-json\/wp\/v2\/users\/1"}],"replies":[{"embeddable":true,"href":"https:\/\/guiadenoticias.com.ar\/diario\/wp-json\/wp\/v2\/comments?post=16552"}],"version-history":[{"count":1,"href":"https:\/\/guiadenoticias.com.ar\/diario\/wp-json\/wp\/v2\/posts\/16552\/revisions"}],"predecessor-version":[{"id":16554,"href":"https:\/\/guiadenoticias.com.ar\/diario\/wp-json\/wp\/v2\/posts\/16552\/revisions\/16554"}],"wp:featuredmedia":[{"embeddable":true,"href":"https:\/\/guiadenoticias.com.ar\/diario\/wp-json\/wp\/v2\/media\/16553"}],"wp:attachment":[{"href":"https:\/\/guiadenoticias.com.ar\/diario\/wp-json\/wp\/v2\/media?parent=16552"}],"wp:term":[{"taxonomy":"category","embeddable":true,"href":"https:\/\/guiadenoticias.com.ar\/diario\/wp-json\/wp\/v2\/categories?post=16552"},{"taxonomy":"post_tag","embeddable":true,"href":"https:\/\/guiadenoticias.com.ar\/diario\/wp-json\/wp\/v2\/tags?post=16552"}],"curies":[{"name":"wp","href":"https:\/\/api.w.org\/{rel}","templated":true}]}}