{"id":16556,"date":"2020-12-07T20:57:26","date_gmt":"2020-12-07T23:57:26","guid":{"rendered":"https:\/\/guiadenoticias.com.ar\/diario\/?p=16556"},"modified":"2020-12-07T20:57:26","modified_gmt":"2020-12-07T23:57:26","slug":"valenzuela-y-ferraresi-mantuvieron-una-reunion-de-trabajo","status":"publish","type":"post","link":"https:\/\/guiadenoticias.com.ar\/diario\/valenzuela-y-ferraresi-mantuvieron-una-reunion-de-trabajo\/","title":{"rendered":"Valenzuela y Ferraresi mantuvieron una reuni\u00f3n de trabajo"},"content":{"rendered":"<p>El intendente de Tres de Febrero, <strong>Diego Valenzuela<\/strong>, se reuni\u00f3 con <strong>Jorge Ferraresi<\/strong>, ministro de Desarrollo Territorial y H\u00e1bitat de Naci\u00f3n, para analizar los proyectos del distrito y plantear futuras acciones.<\/p>\n<p>\u201cHablamos de las intervenciones que estamos realizando en el espacio p\u00fablico y en el alumbrado, y tambi\u00e9n empezamos a trabajar en la pr\u00f3xima etapa del convenio, que contempla la puesta en valor del espacio p\u00fablico y los edificios del Barrio Ej\u00e9rcito de los Andes\u201d, explic\u00f3 el jefe comunal.<\/p>\n<p>En el encuentro comenzaron a planificar obras en barrios populares para solucionar la situaci\u00f3n actual de vivienda. \u201cPara los pr\u00f3ximos pasos present\u00e9 nuevas iniciativas para Capit\u00e1n Berm\u00fadez, Favelita, Puerta 8 y Barrio Mercado, y tambi\u00e9n me compromet\u00ed en acercarle una propuesta para construir juntos viviendas en Tres de Febrero\u201d, coment\u00f3 Valenzuela.<\/p>\n<p>A su vez, Ferraresi habl\u00f3 sobre la labor mancomunada: \u201cQueremos articular pol\u00edticas p\u00fablicas que permitan facilitar el acceso a la tierra y a la vivienda a cada vecino y vecina que lo requiera\u201d.<\/p>\n","protected":false},"excerpt":{"rendered":"<p>El intendente de Tres de Febrero, Diego Valenzuela, se reuni\u00f3 con Jorge Ferraresi, ministro de Desarrollo Territorial y H\u00e1bitat de Naci\u00f3n, para analizar los proyectos del distrito y plantear futuras acciones. \u201cHablamos de las intervenciones que estamos realizando en el espacio p\u00fablico y en el alumbrado, y tambi\u00e9n empezamos a trabajar en la pr\u00f3xima etapa [&hellip;]<\/p>\n","protected":false},"author":1,"featured_media":16557,"comment_status":"closed","ping_status":"open","sticky":false,"template":"","format":"standard","meta":{"footnotes":""},"categories":[20,26],"tags":[72],"class_list":{"0":"post-16556","1":"post","2":"type-post","3":"status-publish","4":"format-standard","5":"has-post-thumbnail","7":"category-municipios","8":"category-tres-de-febrero","9":"tag-diego-valenzuela"},"aioseo_notices":[],"_links":{"self":[{"href":"https:\/\/guiadenoticias.com.ar\/diario\/wp-json\/wp\/v2\/posts\/16556","targetHints":{"allow":["GET"]}}],"collection":[{"href":"https:\/\/guiadenoticias.com.ar\/diario\/wp-json\/wp\/v2\/posts"}],"about":[{"href":"https:\/\/guiadenoticias.com.ar\/diario\/wp-json\/wp\/v2\/types\/post"}],"author":[{"embeddable":true,"href":"https:\/\/guiadenoticias.com.ar\/diario\/wp-json\/wp\/v2\/users\/1"}],"replies":[{"embeddable":true,"href":"https:\/\/guiadenoticias.com.ar\/diario\/wp-json\/wp\/v2\/comments?post=16556"}],"version-history":[{"count":1,"href":"https:\/\/guiadenoticias.com.ar\/diario\/wp-json\/wp\/v2\/posts\/16556\/revisions"}],"predecessor-version":[{"id":16558,"href":"https:\/\/guiadenoticias.com.ar\/diario\/wp-json\/wp\/v2\/posts\/16556\/revisions\/16558"}],"wp:featuredmedia":[{"embeddable":true,"href":"https:\/\/guiadenoticias.com.ar\/diario\/wp-json\/wp\/v2\/media\/16557"}],"wp:attachment":[{"href":"https:\/\/guiadenoticias.com.ar\/diario\/wp-json\/wp\/v2\/media?parent=16556"}],"wp:term":[{"taxonomy":"category","embeddable":true,"href":"https:\/\/guiadenoticias.com.ar\/diario\/wp-json\/wp\/v2\/categories?post=16556"},{"taxonomy":"post_tag","embeddable":true,"href":"https:\/\/guiadenoticias.com.ar\/diario\/wp-json\/wp\/v2\/tags?post=16556"}],"curies":[{"name":"wp","href":"https:\/\/api.w.org\/{rel}","templated":true}]}}