{"id":16561,"date":"2020-12-08T23:49:46","date_gmt":"2020-12-09T02:49:46","guid":{"rendered":"https:\/\/guiadenoticias.com.ar\/diario\/?p=16561"},"modified":"2020-12-14T21:49:46","modified_gmt":"2020-12-15T00:49:46","slug":"desde-espana-la-pandemia-de-las-enfermedades-mentales","status":"publish","type":"post","link":"https:\/\/guiadenoticias.com.ar\/diario\/desde-espana-la-pandemia-de-las-enfermedades-mentales\/","title":{"rendered":"Desde Espa\u00f1a: la pandemia de las enfermedades mentales"},"content":{"rendered":"<p>Desde Girona, en la regi\u00f3n de Catalu\u00f1a en Espa\u00f1a, la argentina Anabella Gonz\u00e1lez Caputo cuenta a Gu\u00eda Sexus c\u00f3mo afecta la pandemia por el Covid \u2013 19 a esa comunidad. A partir del relato de esta psic\u00f3loga de 33 a\u00f1os (matr\u00edcula 21353), son innegables las semejanzas con nuestra cultura y coyuntura social.<\/p>\n<p>Anabella migr\u00f3 con su familia hace casi 20 a\u00f1os y tiene hoy todo un recorrido lejos de Argentina. Est\u00e1 especializada en Psicolog\u00eda Positiva, que se basa tambi\u00e9n en la rama cognitiva \u2013 conductual, pero investiga lo que funciona de la mente, no hace foco en la patolog\u00eda.<\/p>\n<p>Adem\u00e1s de tratar el desarrollo personal, trabaja en una empresa del sector textil en Recursos humanos. A partir de esta experiencia, comenta tambi\u00e9n en esta charla c\u00f3mo persiste la brecha laboral entre varones y mujeres, y c\u00f3mo a ellas las angustia la recarga de tareas.<\/p>\n<p><em>\u00bfC\u00f3mo viv\u00eds en el consultorio este a\u00f1o de pandemia? \u00bfSe dispararon nuevas patolog\u00edas o agudizaron problemas pre existentes?<\/em><\/p>\n<p>Gestionar esta pandemia es muy complicado. Desde el colectivo de los psic\u00f3logos vemos que se est\u00e1 subsanando todo lo que respecta a la salud f\u00edsica, pero la salud mental va cada vez peor. Ya ven\u00edamos de una sociedad que estaba cada vez m\u00e1s individualista; m\u00e1s conectados por la tecnolog\u00eda, pero m\u00e1s desconectados desde lo f\u00edsico. Ahora nos encontramos con mucha gente que se siente sola, que no tiene en qui\u00e9n volcar toda la angustia. Por otro lado est\u00e1 la sensaci\u00f3n de la p\u00e9rdida de seguridad en la cobertura de las necesidades b\u00e1sicas.<br \/>\n(\u2026) Hay muchas consultas de mujeres con dificultades de identidad de roles, porque suelen cargar m\u00e1s con todo y est\u00e1n al borde del colapso porque no llegan con todo lo que se les pide.<\/p>\n<p><em>A partir de los aislamientos por el Covid \u2013 19, \u00bfhay m\u00e1s personas que no quieren abandonar sus casas porque sienten que s\u00f3lo ah\u00ed est\u00e1n seguras?<\/em><\/p>\n<p>S\u00ed. Se dio incluso en gente que no ten\u00eda una psicopatolog\u00eda previa. Hay casos en que sienten angustia, ansiedad, por salir a la calle y tener contacto con el mundo real. Hay que entender que es normal, porque nos est\u00e1n alertando que hay un peligro ah\u00ed afuera, entonces la mente evita ese peligro. Lo que hablamos con quienes les pasa esto es ser muy conscientes de las medidas de seguridad, ver qu\u00e9 puedo controlar.<\/p>\n<p><img loading=\"lazy\" decoding=\"async\" class=\"wp-image-16562 aligncenter\" src=\"https:\/\/guiadenoticias.com.ar\/diario\/wp-content\/uploads\/2020\/12\/Ana1.jpg\" alt=\"\" width=\"603\" height=\"622\" srcset=\"https:\/\/guiadenoticias.com.ar\/diario\/wp-content\/uploads\/2020\/12\/Ana1.jpg 800w, https:\/\/guiadenoticias.com.ar\/diario\/wp-content\/uploads\/2020\/12\/Ana1-291x300.jpg 291w, https:\/\/guiadenoticias.com.ar\/diario\/wp-content\/uploads\/2020\/12\/Ana1-768x793.jpg 768w, https:\/\/guiadenoticias.com.ar\/diario\/wp-content\/uploads\/2020\/12\/Ana1-696x719.jpg 696w, https:\/\/guiadenoticias.com.ar\/diario\/wp-content\/uploads\/2020\/12\/Ana1-407x420.jpg 407w\" sizes=\"auto, (max-width: 603px) 100vw, 603px\" \/><\/p>\n<p><em>Respecto a tu trayectoria en el \u00e1rea de Recursos Humanos, \u00bfpersiste all\u00ed la brecha laboral entre mujeres y varones?<\/em><\/p>\n<p>Trabaj\u00e9 en consultor\u00eda para varias empresas y es incre\u00edble las diferencias de g\u00e9nero que encontrabas cuando te ped\u00edan un tipo de perfil u otro. Las cosas cambiaron muy poco. Normalmente, en Catalu\u00f1a, en puestos de responsabilidad 20 por ciento lo ocupan mujeres.<br \/>\nA la hora de elegir estudios, las mujeres se inclinan todav\u00eda por ramas de cuidados, carreras sociales, y los hombres, m\u00e1s por los n\u00fameros; eso hace que los hombres ocupen m\u00e1s puestos de administraci\u00f3n de empresa, de ingenier\u00eda, que suelen tener salarios m\u00e1s elevados.<\/p>\n<p><em>\u00bfCrees que la maternidad aparece como un condicionante en el mercado laboral?<\/em><\/p>\n<p>Lo encontr\u00e9 muchas veces. A la hora de seleccionar personal, cuando presentaba a una mujer que se pod\u00eda deducir que iba a tener hijos en breve, si tambi\u00e9n presentaba un hombre, seleccionaban al hombre.<br \/>\nSin embargo, ahora hay una medida que me pone muy contenta, la licencia por paternidad se iguala con la de maternidad, que son 4 meses. Y va a ayudar a que se contraten m\u00e1s mujeres.<\/p>\n<p><em>\u00bfEl acoso sexual est\u00e1 naturalizado en los ambientes laborales?<\/em><\/p>\n<p>Cada vez se trata de hacerle frente de una manera m\u00e1s activa, para que las mujeres se empoderen para denunciar cuando pasa; las empresas est\u00e1n obligadas a tener un protocolo de acoso sexual.<br \/>\nAdem\u00e1s, como mujer te adaptas a ciertas cosas, como el uso de indumentaria. S\u00ed me pas\u00f3 de escuchar comentarios machistas.<\/p>\n<p><em>\u00bfC\u00f3mo es la situaci\u00f3n laboral para personas trans, travestis?<\/em><\/p>\n<p>Yo vivo en un pueblo de Girona y trabajo en otro pueblito. Ac\u00e1 ese tema no se vive en el d\u00eda a d\u00eda. No es lo mismo, por ejemplo, que en Barcelona. Nunca vino a una entrevista una persona trans, yo no tendr\u00eda problema, pero no se presentan. Supongo que en un pueblo la gente se reprime m\u00e1s. De todos modos, creo que en las generaciones m\u00e1s j\u00f3venes hay cambios, por como veo que act\u00faan los adolescentes.<\/p>\n","protected":false},"excerpt":{"rendered":"<p>Desde Girona, en la regi\u00f3n de Catalu\u00f1a en Espa\u00f1a, la argentina Anabella Gonz\u00e1lez Caputo cuenta a Gu\u00eda Sexus c\u00f3mo afecta la pandemia por el Covid \u2013 19 a esa comunidad. A partir del relato de esta psic\u00f3loga de 33 a\u00f1os (matr\u00edcula 21353), son innegables las semejanzas con nuestra cultura y coyuntura social. Anabella migr\u00f3 con [&hellip;]<\/p>\n","protected":false},"author":1,"featured_media":16563,"comment_status":"closed","ping_status":"open","sticky":false,"template":"","format":"standard","meta":{"footnotes":""},"categories":[120,70],"tags":[],"class_list":{"0":"post-16561","1":"post","2":"type-post","3":"status-publish","4":"format-standard","5":"has-post-thumbnail","7":"category-1-persona","8":"category-las-mas-leidas"},"aioseo_notices":[],"_links":{"self":[{"href":"https:\/\/guiadenoticias.com.ar\/diario\/wp-json\/wp\/v2\/posts\/16561","targetHints":{"allow":["GET"]}}],"collection":[{"href":"https:\/\/guiadenoticias.com.ar\/diario\/wp-json\/wp\/v2\/posts"}],"about":[{"href":"https:\/\/guiadenoticias.com.ar\/diario\/wp-json\/wp\/v2\/types\/post"}],"author":[{"embeddable":true,"href":"https:\/\/guiadenoticias.com.ar\/diario\/wp-json\/wp\/v2\/users\/1"}],"replies":[{"embeddable":true,"href":"https:\/\/guiadenoticias.com.ar\/diario\/wp-json\/wp\/v2\/comments?post=16561"}],"version-history":[{"count":4,"href":"https:\/\/guiadenoticias.com.ar\/diario\/wp-json\/wp\/v2\/posts\/16561\/revisions"}],"predecessor-version":[{"id":16567,"href":"https:\/\/guiadenoticias.com.ar\/diario\/wp-json\/wp\/v2\/posts\/16561\/revisions\/16567"}],"wp:featuredmedia":[{"embeddable":true,"href":"https:\/\/guiadenoticias.com.ar\/diario\/wp-json\/wp\/v2\/media\/16563"}],"wp:attachment":[{"href":"https:\/\/guiadenoticias.com.ar\/diario\/wp-json\/wp\/v2\/media?parent=16561"}],"wp:term":[{"taxonomy":"category","embeddable":true,"href":"https:\/\/guiadenoticias.com.ar\/diario\/wp-json\/wp\/v2\/categories?post=16561"},{"taxonomy":"post_tag","embeddable":true,"href":"https:\/\/guiadenoticias.com.ar\/diario\/wp-json\/wp\/v2\/tags?post=16561"}],"curies":[{"name":"wp","href":"https:\/\/api.w.org\/{rel}","templated":true}]}}