{"id":1659,"date":"2016-04-14T21:23:27","date_gmt":"2016-04-15T00:23:27","guid":{"rendered":"http:\/\/guiadenoticias.com.ar\/diario\/?p=1659"},"modified":"2016-04-14T21:23:53","modified_gmt":"2016-04-15T00:23:53","slug":"andreotti-en-la-apertura-de-sesiones-anuncio-las-obras-para-2016","status":"publish","type":"post","link":"https:\/\/guiadenoticias.com.ar\/diario\/andreotti-en-la-apertura-de-sesiones-anuncio-las-obras-para-2016\/","title":{"rendered":"Andreotti, en la apertura de sesiones, anunci\u00f3 las obras para 2016"},"content":{"rendered":"<p>El Concejo Deliberante de San Fernando comenz\u00f3 el per\u00edodo legislativo 2016 en un renovado recinto de sesiones del hist\u00f3rico edificio ubicado en 3 de Febrero 1074. El intendente Luis Andreotti dio el discurso inaugural ante el vicegobernador bonaerense, Daniel Salvador, todo el gabinete municipal, concejales, consejeros escolares y vecinos.<\/p>\n<p>Participaron tambi\u00e9n los jefes comunales de Tigre, Julio Zamora; San Miguel, Joaqu\u00edn de la Torre; y Las Heras, Javier Osuna; y los presidentes de los Concejos de San Isidro, Carlos Castellano; y Tigre, Alejandra Nardi. Adem\u00e1s, asisti\u00f3 el diputado provincial Juan Andreotti.<\/p>\n<p>Luis Andreotti plante\u00f3 \u201cla necesidad de tener un pa\u00eds m\u00e1s federal, con mayor municipalizaci\u00f3n, recursos y autonom\u00eda para que la calidad de vida de los vecinos sea mejor\u201d. \u201cVamos a lograrlo con reformas que sean institucionales para no depender de que un gobernante sea m\u00e1s bueno que otro\u201d, sostuvo.<\/p>\n<p>En este sentido, destac\u00f3 varias obras que encara el municipio que incluyen m\u00e1s m\u00f3viles, personal, tecnolog\u00eda, c\u00e1maras y tendido de fibra \u00f3ptica; la segunda etapa del edificio destinado a los Bomberos, la construcci\u00f3n de las Fiscal\u00edas de Drogas Peligrosas y la Divisi\u00f3n de Drogas Peligrosas en el barrio Villa Hall; la Comisar\u00eda y Fiscal\u00eda de la Familia frente a la Plaza Inmigrantes Italianos; tres nuevas Unidades de Desarrollo Infantil en Hardoy, San Rafael y Mil Viviendas; los talleres de Formaci\u00f3n y Capacitaci\u00f3n en oficios en el barrio San Jorge y la Escuela de Panader\u00eda y Cocina en el \u2018Sumate\u2019 de Arroyo Cordero.<\/p>\n<p>Adem\u00e1s, enumer\u00f3 la finalizaci\u00f3n del Polideportivo de Infico y de Amor y Coraz\u00f3n; la construcci\u00f3n de nuevos establecimientos deportivos en San Rafael y barrio Presidente Per\u00f3n; la renovaci\u00f3n del Centro de Salud N\u00b0 27; la construcci\u00f3n del Centro de Salud del Barrio Aviaci\u00f3n y el Hospital Ambulatorio de Diagn\u00f3sticos y especialidades en San Cayetano; la primera etapa de la construcci\u00f3n de la nueva\u00a0 Secretar\u00eda de Salud, Desarrollo y\u00a0 Medio Ambiente; y el t\u00fanel sobre la Ruta 202.<\/p>\n<p>\u201cToda nuestra obra p\u00fablica la pensamos para estar integrados, unidos y vivir mejor porque todos merecemos estar orgullosos del lugar en que vivimos\u201d, dijo.<\/p>\n<p>Luego, el vicegobernador elogi\u00f3 \u201cel mensaje del intendente, porque entendemos que el camino del di\u00e1logo que estamos llevando adelante desde el gobierno nacional y provincial es fundamental para esta etapa de la democracia argentina\u201d. \u201cTenemos un plan de obras realmente muy importante, parte del endeudamiento que ha logrado la Provincia va ligada directamente a los municipios y estamos seguros que el di\u00e1logo entre los tres niveles de gobierno va a lograr recuperar todo el potencial que tiene nuestro pa\u00eds\u201d, afirm\u00f3.<\/p>\n<p>\u201cLas sugerencias es muy bien tomadas \u2013agreg\u00f3-. Hemos recibido una provincia endeudada, sin inversi\u00f3n en obra p\u00fablica, hospitales y escuelas pero estamos tratando de revertir la situaci\u00f3n\u201d.<\/p>\n<p>Por su parte, el legislador Andreotti asegur\u00f3 que el Frente Renovador presentar\u00e1 dos proyectos importantes para la regi\u00f3n: \u201cEl primero involucra a San Fernando, Tigre y San Isidro con la recuperaci\u00f3n del Impuesto a las Embarcaciones, que es un derecho que ten\u00edan los distritos y que se lo hab\u00edan ganado por el esfuerzo de los \u00faltimos diez a\u00f1os; la otra ley es para que en todos los municipios la costa pase a ser dominio municipal y pueda tener un desarrollo y acceso a m\u00e1s vecinos de la provincia a un patrimonio natural que tenemos\u201d.<\/p>\n<p>Santiago Aparicio se refiri\u00f3 tambi\u00e9n al discurso del jefe comunal. \u201cYa empezamos a trabajar en varios de esos proyectos. Tenemos que estar muy cerca de la gente y ver qu\u00e9 necesita. Seguramente as\u00ed bajaremos la violencia, daremos contenci\u00f3n e integraremos. En estos 4 a\u00f1os lo fuimos logrando y ya tenemos estabilidad. Por eso podemos proyectar obras mucho m\u00e1s importantes\u201d.<\/p>\n","protected":false},"excerpt":{"rendered":"<p>El Concejo Deliberante de San Fernando comenz\u00f3 el per\u00edodo legislativo 2016 en un renovado recinto de sesiones del hist\u00f3rico edificio ubicado en 3 de Febrero 1074. El intendente Luis Andreotti dio el discurso inaugural ante el vicegobernador bonaerense, Daniel Salvador, todo el gabinete municipal, concejales, consejeros escolares y vecinos. Participaron tambi\u00e9n los jefes comunales de [&hellip;]<\/p>\n","protected":false},"author":1,"featured_media":1660,"comment_status":"closed","ping_status":"open","sticky":false,"template":"","format":"standard","meta":{"footnotes":""},"categories":[20,48,22],"tags":[],"class_list":{"0":"post-1659","1":"post","2":"type-post","3":"status-publish","4":"format-standard","5":"has-post-thumbnail","7":"category-municipios","8":"category-politica-argentina","9":"category-san-fernando"},"aioseo_notices":[],"_links":{"self":[{"href":"https:\/\/guiadenoticias.com.ar\/diario\/wp-json\/wp\/v2\/posts\/1659","targetHints":{"allow":["GET"]}}],"collection":[{"href":"https:\/\/guiadenoticias.com.ar\/diario\/wp-json\/wp\/v2\/posts"}],"about":[{"href":"https:\/\/guiadenoticias.com.ar\/diario\/wp-json\/wp\/v2\/types\/post"}],"author":[{"embeddable":true,"href":"https:\/\/guiadenoticias.com.ar\/diario\/wp-json\/wp\/v2\/users\/1"}],"replies":[{"embeddable":true,"href":"https:\/\/guiadenoticias.com.ar\/diario\/wp-json\/wp\/v2\/comments?post=1659"}],"version-history":[{"count":1,"href":"https:\/\/guiadenoticias.com.ar\/diario\/wp-json\/wp\/v2\/posts\/1659\/revisions"}],"predecessor-version":[{"id":1661,"href":"https:\/\/guiadenoticias.com.ar\/diario\/wp-json\/wp\/v2\/posts\/1659\/revisions\/1661"}],"wp:featuredmedia":[{"embeddable":true,"href":"https:\/\/guiadenoticias.com.ar\/diario\/wp-json\/wp\/v2\/media\/1660"}],"wp:attachment":[{"href":"https:\/\/guiadenoticias.com.ar\/diario\/wp-json\/wp\/v2\/media?parent=1659"}],"wp:term":[{"taxonomy":"category","embeddable":true,"href":"https:\/\/guiadenoticias.com.ar\/diario\/wp-json\/wp\/v2\/categories?post=1659"},{"taxonomy":"post_tag","embeddable":true,"href":"https:\/\/guiadenoticias.com.ar\/diario\/wp-json\/wp\/v2\/tags?post=1659"}],"curies":[{"name":"wp","href":"https:\/\/api.w.org\/{rel}","templated":true}]}}