{"id":16612,"date":"2020-12-18T02:00:51","date_gmt":"2020-12-18T05:00:51","guid":{"rendered":"https:\/\/guiadenoticias.com.ar\/diario\/?p=16612"},"modified":"2020-12-22T03:01:42","modified_gmt":"2020-12-22T06:01:42","slug":"moreira-recorrio-el-futuro-centro-de-las-artes-y-la-cultura","status":"publish","type":"post","link":"https:\/\/guiadenoticias.com.ar\/diario\/moreira-recorrio-el-futuro-centro-de-las-artes-y-la-cultura\/","title":{"rendered":"Moreira recorri\u00f3 el futuro Centro de las Artes y la Cultura"},"content":{"rendered":"<p>El intendente <strong>Fernando Moreira<\/strong>, junto con periodistas, recorri\u00f3 el futuro <strong>Centro Municipal de las Artes y la Cultura<\/strong> de Villa Ballester, que funcionar\u00e1 en el antiguo edificio de Telecom, que se encontraba abandonado y fue recientemente adquirido por el municipio.<\/p>\n<p>Durante la visita, en la cual participaron Nancy Cappelloni, secretaria para la Integraci\u00f3n Educativa, Cultural y Deportiva, y la subsecretaria de Cultura, Luc\u00eda Santarone, el jefe comunal destac\u00f3: \u201cSiempre fue una prioridad de la gesti\u00f3n invertir en cultura y este proyecto es un objetivo de hace varios a\u00f1os. La remodelaci\u00f3n de un edificio hist\u00f3rico, que vamos a poner en valor, nos permitir\u00e1 llegar a esta zona de Ballester con mucha m\u00e1s oferta cultural\u201d.<\/p>\n<p>El futuro Centro Municipal de las Artes y la Cultura, que se remodelar\u00e1 de manera integral, contar\u00e1 con un auditorio en la planta baja, con capacidad para 230 personas, equipamiento de \u00faltima generaci\u00f3n, escenarios y camarines. Tambi\u00e9n, en este sector habr\u00e1 salas para talleres y actividades como pintura, teatro, cer\u00e1mica, entre otras.<\/p>\n<p>En la planta alta estar\u00e1 la sala de exposiciones, la cafeter\u00eda con jard\u00edn y terraza, donde se realizar\u00e1n propuestas culturales al aire libre y ser\u00e1 una expansi\u00f3n de la cafeter\u00eda. El edificio contar\u00e1 con oficina de administraci\u00f3n, cocina, ba\u00f1os para personas con discapacidad y un ascensor para facilitar la movilidad por ambas plantas.<\/p>\n<p>Ser\u00e1 un espacio destinado a fomentar la expresi\u00f3n y el desarrollo art\u00edstico, abierto a distintas disciplinas tales como m\u00fasica, danza, y artes visuales.<\/p>\n<p>Se sumar\u00e1 a los espacios que el municipio construy\u00f3 y renov\u00f3 para el desarrollo de las actividades culturales como las Escuelas de M\u00fasica y Danza, museos, el Complejo Plaza, entre otros.<\/p>\n<p>Adem\u00e1s, durante el encuentro, el intendente dialog\u00f3 con los periodistas locales y les adelant\u00f3 parte de la agenda cultural del verano 2021 \u201cViv\u00ed tu ciudad\u201d, que tendr\u00e1 artistas como Baglietto-Vitale, Juan Ingaramo, el espect\u00e1culo infantil Vuelta Canela y la Pe\u00f1a de Mujeres, con destacadas cantantes locales. Tambi\u00e9n habr\u00e1 propuestas teatrales como Improcrash y el comediante Andr\u00e9s Ini, en diferentes espacios al aire libre.<\/p>\n<p>\u201cVamos a celebrar el ciclo con propuestas en cada barrio. Las actividades ser\u00e1n con protocolos, todas al aire libre, con cuidados, controles y distanciamiento. Vamos a ser muy estrictos en todo eso, no nos podemos relajar\u201d, se\u00f1al\u00f3 Moreira.<\/p>\n","protected":false},"excerpt":{"rendered":"<p>El intendente Fernando Moreira, junto con periodistas, recorri\u00f3 el futuro Centro Municipal de las Artes y la Cultura de Villa Ballester, que funcionar\u00e1 en el antiguo edificio de Telecom, que se encontraba abandonado y fue recientemente adquirido por el municipio. Durante la visita, en la cual participaron Nancy Cappelloni, secretaria para la Integraci\u00f3n Educativa, Cultural [&hellip;]<\/p>\n","protected":false},"author":1,"featured_media":16613,"comment_status":"closed","ping_status":"open","sticky":false,"template":"","format":"standard","meta":{"footnotes":""},"categories":[50,70,20,24],"tags":[74],"class_list":["post-16612","post","type-post","status-publish","format-standard","has-post-thumbnail","category-cultura","category-las-mas-leidas","category-municipios","category-san-martin","tag-fernando-moreira"],"aioseo_notices":[],"aioseo_head":"\n\t\t<!-- All in One SEO 5.0.1.1 - aioseo.com -->\n\t<meta name=\"robots\" content=\"max-image-preview:large\" \/>\n\t<meta name=\"author\" content=\"Gu\u00eda de Noticias\"\/>\n\t<meta name=\"keywords\" content=\"fernando moreira,cultura,las m\u00e1s leidas,municipios,san mart\u00edn\" \/>\n\t<link rel=\"canonical\" href=\"https:\/\/guiadenoticias.com.ar\/diario\/moreira-recorrio-el-futuro-centro-de-las-artes-y-la-cultura\/\" \/>\n\t<meta name=\"generator\" content=\"All in One SEO (AIOSEO) 5.0.1.1\" \/>\n\t\t<meta property=\"og:locale\" content=\"es_ES\" \/>\n\t\t<meta property=\"og:site_name\" content=\"Gu\u00eda de Noticias\" \/>\n\t\t<meta property=\"og:type\" content=\"article\" \/>\n\t\t<meta property=\"og:title\" content=\"Moreira recorri\u00f3 el futuro Centro de las Artes y la Cultura |\" \/>\n\t\t<meta property=\"og:url\" content=\"https:\/\/guiadenoticias.com.ar\/diario\/moreira-recorrio-el-futuro-centro-de-las-artes-y-la-cultura\/\" \/>\n\t\t<meta property=\"og:image\" content=\"https:\/\/guiadenoticias.com.ar\/diario\/wp-content\/uploads\/2020\/12\/recorrido.jpg\" \/>\n\t\t<meta property=\"og:image:secure_url\" content=\"https:\/\/guiadenoticias.com.ar\/diario\/wp-content\/uploads\/2020\/12\/recorrido.jpg\" \/>\n\t\t<meta property=\"og:image:width\" content=\"800\" \/>\n\t\t<meta property=\"og:image:height\" content=\"534\" \/>\n\t\t<meta property=\"article:published_time\" content=\"2020-12-18T05:00:51+00:00\" \/>\n\t\t<meta property=\"article:modified_time\" content=\"2020-12-22T06:01:42+00:00\" \/>\n\t\t<meta property=\"article:publisher\" content=\"https:\/\/www.facebook.com\/Guia-de-Noticias-1075696352450389\" \/>\n\t\t<!-- All in One SEO -->\n\n","aioseo_head_json":{"title":"Moreira recorri\u00f3 el futuro Centro de las Artes y la Cultura |","description":"","canonical_url":"https:\/\/guiadenoticias.com.ar\/diario\/moreira-recorrio-el-futuro-centro-de-las-artes-y-la-cultura\/","robots":"max-image-preview:large","keywords":"fernando moreira,cultura,las m\u00e1s leidas,municipios,san mart\u00edn","webmasterTools":{"miscellaneous":""},"schema":null,"og:locale":"es_ES","og:site_name":"Gu\u00eda de Noticias","og:type":"article","og:title":"Moreira recorri\u00f3 el futuro Centro de las Artes y la Cultura |","og:url":"https:\/\/guiadenoticias.com.ar\/diario\/moreira-recorrio-el-futuro-centro-de-las-artes-y-la-cultura\/","og:image":"https:\/\/guiadenoticias.com.ar\/diario\/wp-content\/uploads\/2020\/12\/recorrido.jpg","og:image:secure_url":"https:\/\/guiadenoticias.com.ar\/diario\/wp-content\/uploads\/2020\/12\/recorrido.jpg","og:image:width":800,"og:image:height":534,"article:published_time":"2020-12-18T05:00:51+00:00","article:modified_time":"2020-12-22T06:01:42+00:00","article:publisher":"https:\/\/www.facebook.com\/Guia-de-Noticias-1075696352450389"},"aioseo_meta_data":{"post_id":"16612","title":null,"description":"","keywords":"","keyphrases":{"focus":[],"additional":[]},"primary_term":null,"canonical_url":"","og_title":"","og_description":"","og_object_type":"article","og_image_type":"default","og_image_url":null,"og_image_width":null,"og_image_height":null,"og_image_custom_url":null,"og_image_custom_fields":null,"og_video":"","og_custom_url":null,"og_article_section":"","og_article_tags":"","twitter_use_og":false,"twitter_card":"summary","twitter_image_type":"default","twitter_image_url":null,"twitter_image_custom_url":null,"twitter_image_custom_fields":null,"twitter_title":null,"twitter_description":null,"schema":{"blockGraphs":[],"customGraphs":[],"default":{"data":{"Article":[],"Course":[],"Dataset":[],"FAQPage":[],"Movie":[],"Person":[],"Product":[],"ProductReview":[],"Car":[],"Recipe":[],"Service":[],"SoftwareApplication":[],"WebPage":[]},"graphName":"","isEnabled":true},"graphs":[],"defaultGraph":"","defaultPostTypeGraph":""},"schema_type":"none","schema_type_options":"{\"webPage\":{\"webPageType\":\"WebPage\"},\"article\":{\"articleType\":\"BlogPosting\"},\"book\":[],\"course\":[],\"event\":[],\"jobPosting\":[],\"music\":[],\"person\":[],\"product\":[],\"recipe\":[],\"restaurant\":[],\"service\":[],\"software\":[],\"video\":[]}","pillar_content":false,"robots_default":true,"robots_noindex":false,"robots_noarchive":false,"robots_nosnippet":false,"robots_nofollow":false,"robots_noimageindex":false,"robots_noodp":false,"robots_notranslate":false,"robots_max_snippet":"-1","robots_max_videopreview":"-1","robots_max_imagepreview":"large","priority":null,"frequency":"default","local_seo":{"businessInfo":{"name":"","urls":{"website":"","aboutPage":"","contactPage":""},"address":{"line1":"","line2":"","zip":"","city":"","state":"","country":""},"contact":{"email":"","phone":"","fax":""},"ids":{"vatID":"","taxID":"","chamberID":""},"payment":{"priceIndication":"","currenciesAccepted":"","methodsAccepted":""},"areaServed":""},"openingHours":{"show":false,"closedLabel":"","open24h":false,"open24hLabel":"","open247":false,"use24hFormat":false,"twoSets":false,"timezone":"","hours":[]}},"breadcrumb_settings":null,"limit_modified_date":false,"ai":null,"created":"2020-12-21 00:02:41","updated":"2025-06-05 05:40:19","seo_analyzer_scan_date":null,"focus_keyword":null,"additional_keywords":null,"truseo_locale":null},"_links":{"self":[{"href":"https:\/\/guiadenoticias.com.ar\/diario\/wp-json\/wp\/v2\/posts\/16612","targetHints":{"allow":["GET"]}}],"collection":[{"href":"https:\/\/guiadenoticias.com.ar\/diario\/wp-json\/wp\/v2\/posts"}],"about":[{"href":"https:\/\/guiadenoticias.com.ar\/diario\/wp-json\/wp\/v2\/types\/post"}],"author":[{"embeddable":true,"href":"https:\/\/guiadenoticias.com.ar\/diario\/wp-json\/wp\/v2\/users\/1"}],"replies":[{"embeddable":true,"href":"https:\/\/guiadenoticias.com.ar\/diario\/wp-json\/wp\/v2\/comments?post=16612"}],"version-history":[{"count":1,"href":"https:\/\/guiadenoticias.com.ar\/diario\/wp-json\/wp\/v2\/posts\/16612\/revisions"}],"predecessor-version":[{"id":16614,"href":"https:\/\/guiadenoticias.com.ar\/diario\/wp-json\/wp\/v2\/posts\/16612\/revisions\/16614"}],"wp:featuredmedia":[{"embeddable":true,"href":"https:\/\/guiadenoticias.com.ar\/diario\/wp-json\/wp\/v2\/media\/16613"}],"wp:attachment":[{"href":"https:\/\/guiadenoticias.com.ar\/diario\/wp-json\/wp\/v2\/media?parent=16612"}],"wp:term":[{"taxonomy":"category","embeddable":true,"href":"https:\/\/guiadenoticias.com.ar\/diario\/wp-json\/wp\/v2\/categories?post=16612"},{"taxonomy":"post_tag","embeddable":true,"href":"https:\/\/guiadenoticias.com.ar\/diario\/wp-json\/wp\/v2\/tags?post=16612"}],"curies":[{"name":"wp","href":"https:\/\/api.w.org\/{rel}","templated":true}]}}