{"id":16616,"date":"2020-12-18T02:29:37","date_gmt":"2020-12-18T05:29:37","guid":{"rendered":"https:\/\/guiadenoticias.com.ar\/diario\/?p=16616"},"modified":"2020-12-18T02:31:30","modified_gmt":"2020-12-18T05:31:30","slug":"ghi-y-daniel-gollan-encabezaron-reunion-sanitaria-regional","status":"publish","type":"post","link":"https:\/\/guiadenoticias.com.ar\/diario\/ghi-y-daniel-gollan-encabezaron-reunion-sanitaria-regional\/","title":{"rendered":"Ghi y Daniel Goll\u00e1n encabezaron reuni\u00f3n sanitaria por Covid 19"},"content":{"rendered":"<p>El intendente <strong>Lucas Ghi<\/strong>, junto con el ministro de Salud bonaerense, <strong>Daniel Goll\u00e1n<\/strong>, encabezaron una reuni\u00f3n del Consejo Regional de Salud de la Regi\u00f3n Sanitaria 7. Tambi\u00e9n participaron autoridades provinciales y de la regi\u00f3n sanitaria, y secretarias y secretarios de Salud.<\/p>\n<p>Durante la jornada realizaron un balance sobre la situaci\u00f3n epidemiol\u00f3gica del <strong>Covid-19<\/strong>, las medidas que gestionaron para mitigar su expansi\u00f3n, y avanzaron en la coordinaci\u00f3n de la campa\u00f1a de vacunaci\u00f3n en la regi\u00f3n del AMBA.<\/p>\n<p>Al finalizar la jornada, el ministro coment\u00f3: \u201cEn cuanto a la vacuna se distribuir\u00e1 proporcionalmente a cada municipio de acuerdo a su poblaci\u00f3n\u201d. Asimismo agreg\u00f3, \u201cno hay que aflojarle a las medidas de cuidados, que nos permite m\u00e1s actividades econ\u00f3micas, porque hace falta que la gente trabaje, hace falta producir, tambi\u00e9n activadas culturales, recreativas, pero apelando a que la sociedad las haga con responsabilidad\u201d.<\/p>\n<p>Por su parte, el jefe comunal destac\u00f3: \u201cHay que seguir trabajando como hasta el momento, con Daniel, con el gobernador (Axel Kicillof), con las autoridades nacionales. En este tiempo tuvimos reuniones peri\u00f3dicas porque requer\u00eda mucha coordinaci\u00f3n, complementaci\u00f3n de decisiones, recursos, estrategias\u201d. En este sentido consider\u00f3, \u201c2021 ser\u00e1 un a\u00f1o de transici\u00f3n en donde podremos estar vacunando para generar inmunidad en nuestra poblaci\u00f3n\u201d.<\/p>\n<p>Actualmente, el municipio diagrama el operativo de vacunaci\u00f3n en el distrito. Durante la emergencia sanitaria realiz\u00f3 peri\u00f3dicamente los operativos de detecci\u00f3n temprana de Covid-19 en diferentes barrios, en articulaci\u00f3n con los ministerios de Salud de Naci\u00f3n y Provincia. Adem\u00e1s, se instalaron carpas habilitadas para controles, vacunaci\u00f3n e informaci\u00f3n sobre temas de salud.<\/p>\n","protected":false},"excerpt":{"rendered":"<p>El intendente Lucas Ghi, junto con el ministro de Salud bonaerense, Daniel Goll\u00e1n, encabezaron una reuni\u00f3n del Consejo Regional de Salud de la Regi\u00f3n Sanitaria 7. Tambi\u00e9n participaron autoridades provinciales y de la regi\u00f3n sanitaria, y secretarias y secretarios de Salud. Durante la jornada realizaron un balance sobre la situaci\u00f3n epidemiol\u00f3gica del Covid-19, las medidas [&hellip;]<\/p>\n","protected":false},"author":1,"featured_media":16617,"comment_status":"closed","ping_status":"open","sticky":false,"template":"","format":"standard","meta":{"footnotes":""},"categories":[28,20],"tags":[81,73],"class_list":{"0":"post-16616","1":"post","2":"type-post","3":"status-publish","4":"format-standard","5":"has-post-thumbnail","7":"category-moron","8":"category-municipios","9":"tag-coronavirus","10":"tag-lucas-ghi"},"aioseo_notices":[],"_links":{"self":[{"href":"https:\/\/guiadenoticias.com.ar\/diario\/wp-json\/wp\/v2\/posts\/16616","targetHints":{"allow":["GET"]}}],"collection":[{"href":"https:\/\/guiadenoticias.com.ar\/diario\/wp-json\/wp\/v2\/posts"}],"about":[{"href":"https:\/\/guiadenoticias.com.ar\/diario\/wp-json\/wp\/v2\/types\/post"}],"author":[{"embeddable":true,"href":"https:\/\/guiadenoticias.com.ar\/diario\/wp-json\/wp\/v2\/users\/1"}],"replies":[{"embeddable":true,"href":"https:\/\/guiadenoticias.com.ar\/diario\/wp-json\/wp\/v2\/comments?post=16616"}],"version-history":[{"count":3,"href":"https:\/\/guiadenoticias.com.ar\/diario\/wp-json\/wp\/v2\/posts\/16616\/revisions"}],"predecessor-version":[{"id":16620,"href":"https:\/\/guiadenoticias.com.ar\/diario\/wp-json\/wp\/v2\/posts\/16616\/revisions\/16620"}],"wp:featuredmedia":[{"embeddable":true,"href":"https:\/\/guiadenoticias.com.ar\/diario\/wp-json\/wp\/v2\/media\/16617"}],"wp:attachment":[{"href":"https:\/\/guiadenoticias.com.ar\/diario\/wp-json\/wp\/v2\/media?parent=16616"}],"wp:term":[{"taxonomy":"category","embeddable":true,"href":"https:\/\/guiadenoticias.com.ar\/diario\/wp-json\/wp\/v2\/categories?post=16616"},{"taxonomy":"post_tag","embeddable":true,"href":"https:\/\/guiadenoticias.com.ar\/diario\/wp-json\/wp\/v2\/tags?post=16616"}],"curies":[{"name":"wp","href":"https:\/\/api.w.org\/{rel}","templated":true}]}}