{"id":16653,"date":"2020-12-23T01:50:15","date_gmt":"2020-12-23T04:50:15","guid":{"rendered":"https:\/\/guiadenoticias.com.ar\/diario\/?p=16653"},"modified":"2020-12-23T01:50:15","modified_gmt":"2020-12-23T04:50:15","slug":"el-municipio-inicio-capacitaciones-para-vacunacion-contra-el-covid-19","status":"publish","type":"post","link":"https:\/\/guiadenoticias.com.ar\/diario\/el-municipio-inicio-capacitaciones-para-vacunacion-contra-el-covid-19\/","title":{"rendered":"El municipio inici\u00f3 capacitaciones para vacunaci\u00f3n contra el Covid-19"},"content":{"rendered":"<p>En articulaci\u00f3n con la provincia de Buenos Aires y Naci\u00f3n, se van a realizar cursos para vacunadores eventuales de coronavirus y, as\u00ed, contar con la preparaci\u00f3n necesaria para el momento que lleguen las dosis a Mor\u00f3n.<\/p>\n<p>En ese sentido, el intendente Lucas Ghi visit\u00f3 el Polideportivo Gorki Grana, espacio Mansi\u00f3n Ser\u00e9, para presenciar y supervisar la preparaci\u00f3n de los equipos sanitarios, que llevar\u00e1n adelante esta tarea.<\/p>\n<p>Al concluir la formaci\u00f3n, el jefe comunal expres\u00f3 que \u201cesto requer\u00eda un dispositivo muy consistente, bien armado y venimos trabajando en la convocatoria de profesionales para llegar con la dotaci\u00f3n necesaria. Nuestro objetivo es hacerlo en el menor tiempo posible, las metas son ambiciosas y yo no tengo duda de que vamos a estar a la altura del desaf\u00edo, porque conozco la solvencia t\u00e9cnica y el compromiso personal, humano, de quienes est\u00e1n al frente\u201d.<\/p>\n<p>Ghi estim\u00f3, \u201cel proceso de vacunaci\u00f3n arrancar\u00e1 en enero, fruto de este esfuerzo que ha hecho el Estado nacional y provincial de adquirir las vacunas en el menor tiempo posible y empezar con este despliegue, sobre todo con la premisa de contener en la primera etapa a los sectores m\u00e1s expuestos\u201d.<\/p>\n<p>La capacitaci\u00f3n est\u00e1 destinada a m\u00e1s de 200 profesionales de la salud de diversas \u00e1reas afines, estudiantes de salud avanzados que se inscribieron de manera voluntaria. Y al terminar la jornada recibir\u00e1n un certificado que acredite el estudio.<\/p>\n<p>Estos operativos los llevar\u00e1n adelante el personal m\u00e9dico, enfermeros y enfermeras del Hospital Municipal y de los Centros de Salud (CAPS), m\u00e1s personal del Vacunatorio Municipal.<\/p>\n<p>La formaci\u00f3n consta de dos etapas, durante la primera se revisan conceptos b\u00e1sicos de vacunaci\u00f3n, para dar lugar a la parte pr\u00e1ctica en la que se desarrolla la aplicaci\u00f3n de la vacuna con simuladores.<\/p>\n<p>El secretario de Salud, Mart\u00edn Latorraca, coment\u00f3: \u201cVamos a necesitar mucha cantidad de vacunadores, entonces desde el Ministerio de Salud se organiz\u00f3 un curso para vacunaci\u00f3n Covid que ampl\u00eda lo que son las profesiones habituales que hacen la vacunaci\u00f3n. Tenemos la idea de llegar a m\u00e1s de 250 vacunadores\u201d.<\/p>\n<p>Los grupos prioritarios para la vacunaci\u00f3n contra el Covid \u2013 19 ser\u00e1n el personal de salud y personal esencial; personas mayores de 60 a\u00f1os, independientemente de su condici\u00f3n de salud; personas de 18 a 59 a\u00f1os pertenecientes a grupos de riesgo. En el caso de las y los pacientes confirmados o sospechosos, se postergar\u00e1 la aplicaci\u00f3n hasta los 14 d\u00edas posteriores al inicio de los s\u00edntomas o 14 d\u00edas de aislamiento (para los contactos estrechos).<\/p>\n<p>Luego de la dosis, los equipos continuar\u00e1n con los cuidados inmediatos de cada vecino y vecina, donde les recomendar\u00e1n a las personas que permanezcan al menos 30 minutos en observaci\u00f3n en la sala de espera para detectar posibles reacciones adversas inmediatas, en caso de que suceda alguna complicaci\u00f3n, contar\u00e1n con las herramientas correspondientes para el manejo de los efectos adversos leves o graves.<\/p>\n","protected":false},"excerpt":{"rendered":"<p>En articulaci\u00f3n con la provincia de Buenos Aires y Naci\u00f3n, se van a realizar cursos para vacunadores eventuales de coronavirus y, as\u00ed, contar con la preparaci\u00f3n necesaria para el momento que lleguen las dosis a Mor\u00f3n. En ese sentido, el intendente Lucas Ghi visit\u00f3 el Polideportivo Gorki Grana, espacio Mansi\u00f3n Ser\u00e9, para presenciar y supervisar [&hellip;]<\/p>\n","protected":false},"author":1,"featured_media":16654,"comment_status":"closed","ping_status":"open","sticky":false,"template":"","format":"standard","meta":{"footnotes":""},"categories":[28,20],"tags":[81,73],"class_list":{"0":"post-16653","1":"post","2":"type-post","3":"status-publish","4":"format-standard","5":"has-post-thumbnail","7":"category-moron","8":"category-municipios","9":"tag-coronavirus","10":"tag-lucas-ghi"},"aioseo_notices":[],"_links":{"self":[{"href":"https:\/\/guiadenoticias.com.ar\/diario\/wp-json\/wp\/v2\/posts\/16653","targetHints":{"allow":["GET"]}}],"collection":[{"href":"https:\/\/guiadenoticias.com.ar\/diario\/wp-json\/wp\/v2\/posts"}],"about":[{"href":"https:\/\/guiadenoticias.com.ar\/diario\/wp-json\/wp\/v2\/types\/post"}],"author":[{"embeddable":true,"href":"https:\/\/guiadenoticias.com.ar\/diario\/wp-json\/wp\/v2\/users\/1"}],"replies":[{"embeddable":true,"href":"https:\/\/guiadenoticias.com.ar\/diario\/wp-json\/wp\/v2\/comments?post=16653"}],"version-history":[{"count":1,"href":"https:\/\/guiadenoticias.com.ar\/diario\/wp-json\/wp\/v2\/posts\/16653\/revisions"}],"predecessor-version":[{"id":16655,"href":"https:\/\/guiadenoticias.com.ar\/diario\/wp-json\/wp\/v2\/posts\/16653\/revisions\/16655"}],"wp:featuredmedia":[{"embeddable":true,"href":"https:\/\/guiadenoticias.com.ar\/diario\/wp-json\/wp\/v2\/media\/16654"}],"wp:attachment":[{"href":"https:\/\/guiadenoticias.com.ar\/diario\/wp-json\/wp\/v2\/media?parent=16653"}],"wp:term":[{"taxonomy":"category","embeddable":true,"href":"https:\/\/guiadenoticias.com.ar\/diario\/wp-json\/wp\/v2\/categories?post=16653"},{"taxonomy":"post_tag","embeddable":true,"href":"https:\/\/guiadenoticias.com.ar\/diario\/wp-json\/wp\/v2\/tags?post=16653"}],"curies":[{"name":"wp","href":"https:\/\/api.w.org\/{rel}","templated":true}]}}