{"id":16656,"date":"2020-12-23T02:09:48","date_gmt":"2020-12-23T05:09:48","guid":{"rendered":"https:\/\/guiadenoticias.com.ar\/diario\/?p=16656"},"modified":"2020-12-28T23:10:54","modified_gmt":"2020-12-29T02:10:54","slug":"valenzuela-presento-el-proyecto-para-construir-un-nuevo-centro-deportivo","status":"publish","type":"post","link":"https:\/\/guiadenoticias.com.ar\/diario\/valenzuela-presento-el-proyecto-para-construir-un-nuevo-centro-deportivo\/","title":{"rendered":"Valenzuela present\u00f3 el proyecto para construir un nuevo centro deportivo"},"content":{"rendered":"<p>En el distrito denominado \u201cCapital provincial del deporte\u201d, el intendente de Tres de Febrero, <strong>Diego Valenzuela<\/strong>, present\u00f3 un nuevo proyecto para edificar el <strong>CEDEM 4 en Ciudadela<\/strong>, en un predio ubicado en Teodoro Plaza y Castelli.<\/p>\n<p>\u201cFirmamos el convenio con la sociedad de fomento Villa Reconquista para construir un nuevo centro deportivo municipal, el segundo durante nuestra gesti\u00f3n, y continuar con la pol\u00edtica de descentralizar derechos y el acceso al deporte\u201d, asegur\u00f3 el jefe comunal, y agreg\u00f3, \u201cvamos a trabajar para levantar la zona y el predio, para que todos los vecinos puedan disfrutar del deporte en su barrio\u201d.<\/p>\n<p>La obra incluir\u00e1 la revalorizaci\u00f3n de las cuatro canchas con las que cuenta el predio. Se convertir\u00e1 la cancha de c\u00e9sped natural en una multiuso con c\u00e9sped sint\u00e9tico, nueva iluminaci\u00f3n y delimitaci\u00f3n para realizar m\u00faltiples deportes. El espacio de cemento tambi\u00e9n se transformar\u00e1: pasar\u00e1 a ser techado, se renovar\u00e1 el piso y se mejorar\u00e1 la iluminaci\u00f3n general.<\/p>\n<p>Adem\u00e1s, se optimizar\u00e1 el entorno y refaccionar\u00e1 la entrada al predio, mejorando as\u00ed la diagramaci\u00f3n de acceso, la seguridad y el cerramiento. A su vez pondr\u00e1n en valor y equipar\u00e1n los vestuarios y la cocina.<\/p>\n<p>El establecimiento cuenta con tres espacios vacantes sin equipamiento e iluminaci\u00f3n en los que se construir\u00e1n nuevas \u00e1reas de atracci\u00f3n y esparcimiento. Edificar\u00e1n un lugar de permanencia con mobiliario urbano y sectores de c\u00e9sped, y tambi\u00e9n se crear\u00e1 una plaza con un sector equipado con juegos que impulsan chorros de agua pensado especialmente para la temporada de verano.<\/p>\n<p>\u201cEl proyecto nos permitir\u00e1 seguir ampliando nuestra oferta de actividades para acercar a m\u00e1s familias al deporte y la recreaci\u00f3n, y cuidar su salud\u201d, cerr\u00f3 Valenzuela.<\/p>\n<p>El nuevo proyecto es parte del plan de obras anunciado por el intendente para transformar la localidad. Este contempla la apertura de una nueva sede municipal en el Centro Cultural Olmedo y la recuperaci\u00f3n del espacio p\u00fablico con la renovaci\u00f3n de las dos plazas ubicadas sobre la calle Ram\u00f3n Lista. Tambi\u00e9n se pondr\u00e1 en valor el centro comercial Coronel Per\u00edn y mejorar\u00e1n la Estaci\u00f3n Ciudadela del tren Sarmiento y sus alrededores.<\/p>\n","protected":false},"excerpt":{"rendered":"<p>En el distrito denominado \u201cCapital provincial del deporte\u201d, el intendente de Tres de Febrero, Diego Valenzuela, present\u00f3 un nuevo proyecto para edificar el CEDEM 4 en Ciudadela, en un predio ubicado en Teodoro Plaza y Castelli. \u201cFirmamos el convenio con la sociedad de fomento Villa Reconquista para construir un nuevo centro deportivo municipal, el segundo [&hellip;]<\/p>\n","protected":false},"author":1,"featured_media":16657,"comment_status":"closed","ping_status":"open","sticky":false,"template":"","format":"standard","meta":{"footnotes":""},"categories":[70,20,26],"tags":[72],"class_list":{"0":"post-16656","1":"post","2":"type-post","3":"status-publish","4":"format-standard","5":"has-post-thumbnail","7":"category-las-mas-leidas","8":"category-municipios","9":"category-tres-de-febrero","10":"tag-diego-valenzuela"},"aioseo_notices":[],"_links":{"self":[{"href":"https:\/\/guiadenoticias.com.ar\/diario\/wp-json\/wp\/v2\/posts\/16656","targetHints":{"allow":["GET"]}}],"collection":[{"href":"https:\/\/guiadenoticias.com.ar\/diario\/wp-json\/wp\/v2\/posts"}],"about":[{"href":"https:\/\/guiadenoticias.com.ar\/diario\/wp-json\/wp\/v2\/types\/post"}],"author":[{"embeddable":true,"href":"https:\/\/guiadenoticias.com.ar\/diario\/wp-json\/wp\/v2\/users\/1"}],"replies":[{"embeddable":true,"href":"https:\/\/guiadenoticias.com.ar\/diario\/wp-json\/wp\/v2\/comments?post=16656"}],"version-history":[{"count":1,"href":"https:\/\/guiadenoticias.com.ar\/diario\/wp-json\/wp\/v2\/posts\/16656\/revisions"}],"predecessor-version":[{"id":16658,"href":"https:\/\/guiadenoticias.com.ar\/diario\/wp-json\/wp\/v2\/posts\/16656\/revisions\/16658"}],"wp:featuredmedia":[{"embeddable":true,"href":"https:\/\/guiadenoticias.com.ar\/diario\/wp-json\/wp\/v2\/media\/16657"}],"wp:attachment":[{"href":"https:\/\/guiadenoticias.com.ar\/diario\/wp-json\/wp\/v2\/media?parent=16656"}],"wp:term":[{"taxonomy":"category","embeddable":true,"href":"https:\/\/guiadenoticias.com.ar\/diario\/wp-json\/wp\/v2\/categories?post=16656"},{"taxonomy":"post_tag","embeddable":true,"href":"https:\/\/guiadenoticias.com.ar\/diario\/wp-json\/wp\/v2\/tags?post=16656"}],"curies":[{"name":"wp","href":"https:\/\/api.w.org\/{rel}","templated":true}]}}