{"id":16660,"date":"2020-12-23T17:31:48","date_gmt":"2020-12-23T20:31:48","guid":{"rendered":"https:\/\/guiadenoticias.com.ar\/diario\/?p=16660"},"modified":"2020-12-23T17:39:39","modified_gmt":"2020-12-23T20:39:39","slug":"natalia-fernandez-hay-mucho-trabajo-por-delante","status":"publish","type":"post","link":"https:\/\/guiadenoticias.com.ar\/diario\/natalia-fernandez-hay-mucho-trabajo-por-delante\/","title":{"rendered":"Natalia Fern\u00e1ndez: \u201cHay mucho trabajo por delante\u201d"},"content":{"rendered":"<p>Sobre el cierre de a\u00f1o hubo movimientos en el Concejo Deliberante de Tres de Febrero. Y todas las fichas las movi\u00f3 el oficialismo. En la \u00faltima sesi\u00f3n designaron a la radical Natalia Fern\u00e1ndez como la nueva vicepresidenta primera del cuerpo &#8211; 18 votos a favor y 4 abstenciones -; tambi\u00e9n presentaron el bloque Juntos por el Cambio Tres de Febrero, integrado por 11 concejales.<\/p>\n<p>En di\u00e1logo con Gu\u00eda de Noticias, Fern\u00e1ndez consider\u00f3 que su elecci\u00f3n respondi\u00f3 a un \u201creconocimiento al radicalismo. A un trabajo en equipo\u201d, y \u201cest\u00e1 bueno que las mujeres ocupemos estos lugares, porque estamos capacitadas\u201d.<\/p>\n<p>Coment\u00f3 que \u201cel cambio fue por la salida del bloque de una de las ediles, por diferencias que hab\u00eda en el manejo y de opiniones pol\u00edticas\u201d. De hecho, una de esas diferencias con Patricia Rodr\u00edguez gir\u00f3 en torno al reemplazo de Mar\u00eda de los \u00c1ngeles Berardi, situaci\u00f3n que est\u00e1 judicializada. \u201cNo hubo tiempo para los di\u00e1logos, nosotros todos los problemas con las miradas diferentes los resolvimos siempre con di\u00e1logo. Evidentemente, no quer\u00eda participar m\u00e1s de las discusiones del bloque. Pero se desconocen los verdaderos motivos\u201d, se\u00f1al\u00f3 Fern\u00e1ndez.<\/p>\n<p>Y agreg\u00f3: \u201cEl bloque al no estar conformado por 12, se decidi\u00f3 la modificaci\u00f3n en la l\u00ednea sucesoria de las autoridades\u201d. Destac\u00f3 asimismo que en el Concejo respetan la paridad en la conformaci\u00f3n de autoridades y comisiones.<\/p>\n<p>\u201cHay mucho trabajo por delante, 2021 no va a ser m\u00e1s sencillo que 2020. Hay que seguir proponiendo acciones y estrategias para que en Tres de Febrero pensemos en lo que queremos, en salud, empleo, educaci\u00f3n\u201d, dijo, y remarc\u00f3 que \u201ceste a\u00f1o se trabaj\u00f3 de forma m\u00e1s mancomunada con el Ejecutivo. Es algo que como idea de pol\u00edtica local estamos muy de acuerdo con Diego (Valenzuela) y tenemos con \u00e9l muchas instancias de di\u00e1logo\u201d.<\/p>\n<p>Resta un encuentro legislativo m\u00e1s, la Asamblea de Mayores Contribuyentes de la semana pr\u00f3xima, en esa oportunidad tratar\u00e1n una asignaci\u00f3n de Naci\u00f3n por Covid 19, que debe ser tomada como coparticipable; y pondr\u00e1n a consideraci\u00f3n el aumento de tasas estipulado para 2021.<\/p>\n","protected":false},"excerpt":{"rendered":"<p>Sobre el cierre de a\u00f1o hubo movimientos en el Concejo Deliberante de Tres de Febrero. Y todas las fichas las movi\u00f3 el oficialismo. En la \u00faltima sesi\u00f3n designaron a la radical Natalia Fern\u00e1ndez como la nueva vicepresidenta primera del cuerpo &#8211; 18 votos a favor y 4 abstenciones -; tambi\u00e9n presentaron el bloque Juntos por [&hellip;]<\/p>\n","protected":false},"author":1,"featured_media":16661,"comment_status":"closed","ping_status":"open","sticky":false,"template":"","format":"standard","meta":{"footnotes":""},"categories":[20,48,26],"tags":[],"class_list":{"0":"post-16660","1":"post","2":"type-post","3":"status-publish","4":"format-standard","5":"has-post-thumbnail","7":"category-municipios","8":"category-politica-argentina","9":"category-tres-de-febrero"},"aioseo_notices":[],"_links":{"self":[{"href":"https:\/\/guiadenoticias.com.ar\/diario\/wp-json\/wp\/v2\/posts\/16660","targetHints":{"allow":["GET"]}}],"collection":[{"href":"https:\/\/guiadenoticias.com.ar\/diario\/wp-json\/wp\/v2\/posts"}],"about":[{"href":"https:\/\/guiadenoticias.com.ar\/diario\/wp-json\/wp\/v2\/types\/post"}],"author":[{"embeddable":true,"href":"https:\/\/guiadenoticias.com.ar\/diario\/wp-json\/wp\/v2\/users\/1"}],"replies":[{"embeddable":true,"href":"https:\/\/guiadenoticias.com.ar\/diario\/wp-json\/wp\/v2\/comments?post=16660"}],"version-history":[{"count":3,"href":"https:\/\/guiadenoticias.com.ar\/diario\/wp-json\/wp\/v2\/posts\/16660\/revisions"}],"predecessor-version":[{"id":16664,"href":"https:\/\/guiadenoticias.com.ar\/diario\/wp-json\/wp\/v2\/posts\/16660\/revisions\/16664"}],"wp:featuredmedia":[{"embeddable":true,"href":"https:\/\/guiadenoticias.com.ar\/diario\/wp-json\/wp\/v2\/media\/16661"}],"wp:attachment":[{"href":"https:\/\/guiadenoticias.com.ar\/diario\/wp-json\/wp\/v2\/media?parent=16660"}],"wp:term":[{"taxonomy":"category","embeddable":true,"href":"https:\/\/guiadenoticias.com.ar\/diario\/wp-json\/wp\/v2\/categories?post=16660"},{"taxonomy":"post_tag","embeddable":true,"href":"https:\/\/guiadenoticias.com.ar\/diario\/wp-json\/wp\/v2\/tags?post=16660"}],"curies":[{"name":"wp","href":"https:\/\/api.w.org\/{rel}","templated":true}]}}