{"id":16672,"date":"2020-12-28T22:26:23","date_gmt":"2020-12-29T01:26:23","guid":{"rendered":"https:\/\/guiadenoticias.com.ar\/diario\/?p=16672"},"modified":"2021-01-04T17:37:25","modified_gmt":"2021-01-04T20:37:25","slug":"campana-de-donacion-de-juguetes-en-san-isidro","status":"publish","type":"post","link":"https:\/\/guiadenoticias.com.ar\/diario\/campana-de-donacion-de-juguetes-en-san-isidro\/","title":{"rendered":"Campa\u00f1a de donaci\u00f3n de juguetes en San Isidro"},"content":{"rendered":"<p>En v\u00edsperas de Navidad, con el objetivo que chicos y chicas en situaci\u00f3n de vulnerabilidad puedan tener un regalo, el <strong>municipio de San Isidro<\/strong> realiz\u00f3 la campa\u00f1a de donaci\u00f3n de juguetes \u201cRegal\u00e1 una alegr\u00eda\u201d.<\/p>\n<p>Durante dos s\u00e1bados, la red juvenil Tom\u00e1 la Voz, que depende de la Secretar\u00eda de Integraci\u00f3n Comunitaria, recibi\u00f3 juguetes en el Parque P\u00fablico del Golf de Villa Adelina y la Plaza 9 de Julio de Mart\u00ednez. Se acercaron vecinos y diferentes instituciones para donar peluches, pelotas, pizarras, libros, juegos de mesa, autos, botes y mu\u00f1ecas, entre otras cosas.<\/p>\n<p>\u201cEs una muy linda iniciativa, en el medio de una Navidad rara, pero que conserva las buenas acciones\u201d, afirm\u00f3 el intendente <strong>Gustavo Posse<\/strong>.<\/p>\n<p>Los juguetes fueron entregados a ni\u00f1os y ni\u00f1as que asisten a escuelas provinciales de Bajo Boulogne, merenderos de Boulogne, el Hospital Materno Infantil y familias que reciben asistencia de la Subsecretar\u00eda de Acci\u00f3n Social.<\/p>\n<p>Acerca de c\u00f3mo surgi\u00f3 la idea de donar juguetes a chicos humildes, Dafna Justiniano, integrante de la red juvenil Tom\u00e1 la Voz, explic\u00f3: \u201cSe nos ocurri\u00f3 replicar la campa\u00f1a de donaci\u00f3n de ropa que hicimos en colegios de Bajo Boulogne, pero esta vez con juguetes para regalarles una sonrisa a los chicos que menos tienen\u201d. Los j\u00f3venes junto con personal del municipio, visitaron el Hospital Materno Infantil.<\/p>\n","protected":false},"excerpt":{"rendered":"<p>En v\u00edsperas de Navidad, con el objetivo que chicos y chicas en situaci\u00f3n de vulnerabilidad puedan tener un regalo, el municipio de San Isidro realiz\u00f3 la campa\u00f1a de donaci\u00f3n de juguetes \u201cRegal\u00e1 una alegr\u00eda\u201d. Durante dos s\u00e1bados, la red juvenil Tom\u00e1 la Voz, que depende de la Secretar\u00eda de Integraci\u00f3n Comunitaria, recibi\u00f3 juguetes en el [&hellip;]<\/p>\n","protected":false},"author":1,"featured_media":16673,"comment_status":"closed","ping_status":"open","sticky":false,"template":"","format":"standard","meta":{"footnotes":""},"categories":[70,20,21],"tags":[],"class_list":{"0":"post-16672","1":"post","2":"type-post","3":"status-publish","4":"format-standard","5":"has-post-thumbnail","7":"category-las-mas-leidas","8":"category-municipios","9":"category-san-isidro"},"aioseo_notices":[],"_links":{"self":[{"href":"https:\/\/guiadenoticias.com.ar\/diario\/wp-json\/wp\/v2\/posts\/16672","targetHints":{"allow":["GET"]}}],"collection":[{"href":"https:\/\/guiadenoticias.com.ar\/diario\/wp-json\/wp\/v2\/posts"}],"about":[{"href":"https:\/\/guiadenoticias.com.ar\/diario\/wp-json\/wp\/v2\/types\/post"}],"author":[{"embeddable":true,"href":"https:\/\/guiadenoticias.com.ar\/diario\/wp-json\/wp\/v2\/users\/1"}],"replies":[{"embeddable":true,"href":"https:\/\/guiadenoticias.com.ar\/diario\/wp-json\/wp\/v2\/comments?post=16672"}],"version-history":[{"count":1,"href":"https:\/\/guiadenoticias.com.ar\/diario\/wp-json\/wp\/v2\/posts\/16672\/revisions"}],"predecessor-version":[{"id":16674,"href":"https:\/\/guiadenoticias.com.ar\/diario\/wp-json\/wp\/v2\/posts\/16672\/revisions\/16674"}],"wp:featuredmedia":[{"embeddable":true,"href":"https:\/\/guiadenoticias.com.ar\/diario\/wp-json\/wp\/v2\/media\/16673"}],"wp:attachment":[{"href":"https:\/\/guiadenoticias.com.ar\/diario\/wp-json\/wp\/v2\/media?parent=16672"}],"wp:term":[{"taxonomy":"category","embeddable":true,"href":"https:\/\/guiadenoticias.com.ar\/diario\/wp-json\/wp\/v2\/categories?post=16672"},{"taxonomy":"post_tag","embeddable":true,"href":"https:\/\/guiadenoticias.com.ar\/diario\/wp-json\/wp\/v2\/tags?post=16672"}],"curies":[{"name":"wp","href":"https:\/\/api.w.org\/{rel}","templated":true}]}}