{"id":16712,"date":"2021-01-08T23:30:35","date_gmt":"2021-01-09T02:30:35","guid":{"rendered":"https:\/\/guiadenoticias.com.ar\/diario\/?p=16712"},"modified":"2021-01-12T23:27:19","modified_gmt":"2021-01-13T02:27:19","slug":"el-intendente-valenzuela-recibio-a-antonio-calo","status":"publish","type":"post","link":"https:\/\/guiadenoticias.com.ar\/diario\/el-intendente-valenzuela-recibio-a-antonio-calo\/","title":{"rendered":"El intendente Valenzuela recibi\u00f3 a Antonio Cal\u00f3"},"content":{"rendered":"<p>El intendente de Tres de Febrero, <strong>Diego Valenzuela,<\/strong> mantuvo un encuentro en el municipio con <strong>Antonio Cal\u00f3<\/strong>, secretario general de la <strong>Uni\u00f3n Obrera Metal\u00fargica (UOM)<\/strong>; acompa\u00f1aron el hist\u00f3rico dirigente <strong>Ra\u00fal Torres y Hern\u00e1n Torres<\/strong>, miembro de la seccional local.<\/p>\n<p>El objetivo de la reuni\u00f3n fue \u201cidear acuerdos y fomentar la creaci\u00f3n de trabajo genuino\u201d. En ese sentido, el jefe comunal se\u00f1al\u00f3, \u201cconversamos sobre posibles alianzas para incentivar la cultura del trabajo, la inclusi\u00f3n laboral y la creaci\u00f3n de nuevos puestos de empleo\u201d, y agreg\u00f3 que \u201cadem\u00e1s, dialogamos sobre c\u00f3mo fortalecer la industria automotriz y a sus proveedores; y respaldaron nuestro proyecto de<strong> Parque Industrial<\/strong> en Ruta 8 y Camino del Buen Ayre\u201d.<\/p>\n<p>Otro de los temas abordados fue el <strong>Plan Urbano Estrat\u00e9gico<\/strong>, que tiene como uno de sus ejes principales la matriz productiva y el desarrollo de las Pymes. \u201cEs fundamental buscar acuerdos para crear trabajo independientemente de las diferencias partidarias, esa debe ser la prioridad de la Argentina; por eso, vamos a formar una mesa productiva, relacionada con el mundo automotor y las autopartes, de la que van a participar empresarios, t\u00e9cnicos, acad\u00e9micos, sindicalistas y todos los municipios que cuenten con alguna f\u00e1brica automotriz\u201d, anticip\u00f3 Valenzuela.<\/p>\n","protected":false},"excerpt":{"rendered":"<p>El intendente de Tres de Febrero, Diego Valenzuela, mantuvo un encuentro en el municipio con Antonio Cal\u00f3, secretario general de la Uni\u00f3n Obrera Metal\u00fargica (UOM); acompa\u00f1aron el hist\u00f3rico dirigente Ra\u00fal Torres y Hern\u00e1n Torres, miembro de la seccional local. El objetivo de la reuni\u00f3n fue \u201cidear acuerdos y fomentar la creaci\u00f3n de trabajo genuino\u201d. En [&hellip;]<\/p>\n","protected":false},"author":1,"featured_media":16713,"comment_status":"closed","ping_status":"open","sticky":false,"template":"","format":"standard","meta":{"footnotes":""},"categories":[49,70,20,26],"tags":[72],"class_list":{"0":"post-16712","1":"post","2":"type-post","3":"status-publish","4":"format-standard","5":"has-post-thumbnail","7":"category-economia-y-gremiales","8":"category-las-mas-leidas","9":"category-municipios","10":"category-tres-de-febrero","11":"tag-diego-valenzuela"},"aioseo_notices":[],"_links":{"self":[{"href":"https:\/\/guiadenoticias.com.ar\/diario\/wp-json\/wp\/v2\/posts\/16712","targetHints":{"allow":["GET"]}}],"collection":[{"href":"https:\/\/guiadenoticias.com.ar\/diario\/wp-json\/wp\/v2\/posts"}],"about":[{"href":"https:\/\/guiadenoticias.com.ar\/diario\/wp-json\/wp\/v2\/types\/post"}],"author":[{"embeddable":true,"href":"https:\/\/guiadenoticias.com.ar\/diario\/wp-json\/wp\/v2\/users\/1"}],"replies":[{"embeddable":true,"href":"https:\/\/guiadenoticias.com.ar\/diario\/wp-json\/wp\/v2\/comments?post=16712"}],"version-history":[{"count":1,"href":"https:\/\/guiadenoticias.com.ar\/diario\/wp-json\/wp\/v2\/posts\/16712\/revisions"}],"predecessor-version":[{"id":16714,"href":"https:\/\/guiadenoticias.com.ar\/diario\/wp-json\/wp\/v2\/posts\/16712\/revisions\/16714"}],"wp:featuredmedia":[{"embeddable":true,"href":"https:\/\/guiadenoticias.com.ar\/diario\/wp-json\/wp\/v2\/media\/16713"}],"wp:attachment":[{"href":"https:\/\/guiadenoticias.com.ar\/diario\/wp-json\/wp\/v2\/media?parent=16712"}],"wp:term":[{"taxonomy":"category","embeddable":true,"href":"https:\/\/guiadenoticias.com.ar\/diario\/wp-json\/wp\/v2\/categories?post=16712"},{"taxonomy":"post_tag","embeddable":true,"href":"https:\/\/guiadenoticias.com.ar\/diario\/wp-json\/wp\/v2\/tags?post=16712"}],"curies":[{"name":"wp","href":"https:\/\/api.w.org\/{rel}","templated":true}]}}