{"id":16736,"date":"2021-01-12T01:32:05","date_gmt":"2021-01-12T04:32:05","guid":{"rendered":"https:\/\/guiadenoticias.com.ar\/diario\/?p=16736"},"modified":"2021-01-14T01:34:41","modified_gmt":"2021-01-14T04:34:41","slug":"posse-y-meoni-inauguraron-la-renovada-estacion-de-villa-adelina","status":"publish","type":"post","link":"https:\/\/guiadenoticias.com.ar\/diario\/posse-y-meoni-inauguraron-la-renovada-estacion-de-villa-adelina\/","title":{"rendered":"Posse y Meoni inauguraron la renovada estaci\u00f3n de Villa Adelina"},"content":{"rendered":"<p>El intendente de San Isidro, <strong>Gustavo Posse<\/strong>, y el <strong>ministro de Transporte de Naci\u00f3n<\/strong>, Mario Meoni, inauguraron la renovada <strong>estaci\u00f3n de Villa Adelina<\/strong> de la l\u00ednea Belgrano Norte.<\/p>\n<p>\u201cCon los vecinos vivimos esta inauguraci\u00f3n con much\u00edsima alegr\u00eda. Las obras hab\u00edan tra\u00eddo problemas econ\u00f3micos a los comercios de la zona. Por eso, agradecemos el esfuerzo que se hizo durante esta \u00e9poca para que Villa Adelina tenga esta estaci\u00f3n de tren que se merec\u00eda\u201d, se\u00f1al\u00f3 el jefe comunal, tras recorrer las obras.<\/p>\n<p>Adem\u00e1s, Posse destac\u00f3 la relevancia que tiene dicha estaci\u00f3n de tren en la historia de esta ciudad, teniendo en cuenta que la llegada del primer viaje del ferrocarril, el 29 de marzo de 1909, es considerada como la fundaci\u00f3n de la localidad.<\/p>\n<p>Entre los cambios se destaca la elevaci\u00f3n de los andenes a la altura de las formaciones, que fueron adaptadas para eliminar los escalones y facilitar el acceso a personas con movilidad reducida.<\/p>\n<p>Las obras, que beneficiar\u00e1n a casi 7.000 pasajeros que utilizan la estaci\u00f3n diariamente, tambi\u00e9n contemplaron la construcci\u00f3n de nuevos accesos, rampas, boleter\u00edas, ba\u00f1os, techos y escaleras. Instalaron 20 c\u00e1maras de seguridad, renovaron los sistemas de audio, luces LED, molinetes SUBE y cerramientos perimetrales para mejorar la seguridad y evitar el cruce de v\u00edas.<\/p>\n<p>\u201cEs la segunda estaci\u00f3n de trenes que inauguramos en el distrito en los \u00faltimos 5 meses, pero m\u00e1s que inaugurar estaciones lo que hacemos es ofrecerles un mejor servicio a todos los pasajeros y pasajeras\u201d, sostuvo el ministro Meoni.<\/p>\n","protected":false},"excerpt":{"rendered":"<p>El intendente de San Isidro, Gustavo Posse, y el ministro de Transporte de Naci\u00f3n, Mario Meoni, inauguraron la renovada estaci\u00f3n de Villa Adelina de la l\u00ednea Belgrano Norte. \u201cCon los vecinos vivimos esta inauguraci\u00f3n con much\u00edsima alegr\u00eda. Las obras hab\u00edan tra\u00eddo problemas econ\u00f3micos a los comercios de la zona. Por eso, agradecemos el esfuerzo que [&hellip;]<\/p>\n","protected":false},"author":1,"featured_media":16737,"comment_status":"closed","ping_status":"open","sticky":false,"template":"","format":"standard","meta":{"footnotes":""},"categories":[20,21],"tags":[75],"class_list":{"0":"post-16736","1":"post","2":"type-post","3":"status-publish","4":"format-standard","5":"has-post-thumbnail","7":"category-municipios","8":"category-san-isidro","9":"tag-gustavo-posse"},"aioseo_notices":[],"_links":{"self":[{"href":"https:\/\/guiadenoticias.com.ar\/diario\/wp-json\/wp\/v2\/posts\/16736","targetHints":{"allow":["GET"]}}],"collection":[{"href":"https:\/\/guiadenoticias.com.ar\/diario\/wp-json\/wp\/v2\/posts"}],"about":[{"href":"https:\/\/guiadenoticias.com.ar\/diario\/wp-json\/wp\/v2\/types\/post"}],"author":[{"embeddable":true,"href":"https:\/\/guiadenoticias.com.ar\/diario\/wp-json\/wp\/v2\/users\/1"}],"replies":[{"embeddable":true,"href":"https:\/\/guiadenoticias.com.ar\/diario\/wp-json\/wp\/v2\/comments?post=16736"}],"version-history":[{"count":2,"href":"https:\/\/guiadenoticias.com.ar\/diario\/wp-json\/wp\/v2\/posts\/16736\/revisions"}],"predecessor-version":[{"id":16739,"href":"https:\/\/guiadenoticias.com.ar\/diario\/wp-json\/wp\/v2\/posts\/16736\/revisions\/16739"}],"wp:featuredmedia":[{"embeddable":true,"href":"https:\/\/guiadenoticias.com.ar\/diario\/wp-json\/wp\/v2\/media\/16737"}],"wp:attachment":[{"href":"https:\/\/guiadenoticias.com.ar\/diario\/wp-json\/wp\/v2\/media?parent=16736"}],"wp:term":[{"taxonomy":"category","embeddable":true,"href":"https:\/\/guiadenoticias.com.ar\/diario\/wp-json\/wp\/v2\/categories?post=16736"},{"taxonomy":"post_tag","embeddable":true,"href":"https:\/\/guiadenoticias.com.ar\/diario\/wp-json\/wp\/v2\/tags?post=16736"}],"curies":[{"name":"wp","href":"https:\/\/api.w.org\/{rel}","templated":true}]}}