{"id":16824,"date":"2021-02-08T22:43:06","date_gmt":"2021-02-09T01:43:06","guid":{"rendered":"https:\/\/guiadenoticias.com.ar\/diario\/?p=16824"},"modified":"2021-02-10T23:42:38","modified_gmt":"2021-02-11T02:42:38","slug":"alejandro-collia-internado-con-covid-19","status":"publish","type":"post","link":"https:\/\/guiadenoticias.com.ar\/diario\/alejandro-collia-internado-con-covid-19\/","title":{"rendered":"Alejandro Collia, internado con Covid \u2013 19"},"content":{"rendered":"<p>El subsecretario de Gesti\u00f3n de Servicios e Institutos del Ministerio de Salud de Naci\u00f3n y dirigente de Tres de Febrero, <strong>Alejandro Collia<\/strong>, est\u00e1 internado desde el jueves pasado en el Hospital G\u00fcemes, de Haedo, con un cuadro delicado de <strong>Covid 19, <\/strong>aunque mejor\u00f3 en las \u00faltimas horas.<\/p>\n<p>El ex ministro de Salud bonaerense se hab\u00eda aplicado la primera dosis de la vacuna <strong>Sputnik V<\/strong> el 21 de enero, cuando se la aplicaron en el Hospital Posadas al presidente Alberto Fern\u00e1ndez y el ministro Gin\u00e9s Gonz\u00e1lez Garc\u00eda.<\/p>\n<p>Hubo ya mensajes diversos destinados al conocido m\u00e9dico y a su entorno, que opt\u00f3 por el momento por el silencio.<\/p>\n<p>En ese sentido se expresaron la vice gobernadora Ver\u00f3nica Magario; y los concejales del Frente de Todos \u2013 PJ de Tres de Febrero &#8211; donde Collia est\u00e1 de licencia -, \u201csabemos todo el trabajo que realizaste cada d\u00eda desde el comienzo de la pandemia\u201d, se\u00f1alaron en redes sociales.<\/p>\n<p>Hay mensajes tambi\u00e9n del Consejo del PJ, \u201crogamos y deseamos tu pronta recuperaci\u00f3n\u201d, piden por el secretario general partidario; y una carta emotiva del hist\u00f3rico Lorenzo Pepe.<\/p>\n","protected":false},"excerpt":{"rendered":"<p>El subsecretario de Gesti\u00f3n de Servicios e Institutos del Ministerio de Salud de Naci\u00f3n y dirigente de Tres de Febrero, Alejandro Collia, est\u00e1 internado desde el jueves pasado en el Hospital G\u00fcemes, de Haedo, con un cuadro delicado de Covid 19, aunque mejor\u00f3 en las \u00faltimas horas. El ex ministro de Salud bonaerense se hab\u00eda [&hellip;]<\/p>\n","protected":false},"author":1,"featured_media":930,"comment_status":"closed","ping_status":"open","sticky":false,"template":"","format":"standard","meta":{"footnotes":""},"categories":[70,20,48,26],"tags":[81,80],"class_list":{"0":"post-16824","1":"post","2":"type-post","3":"status-publish","4":"format-standard","5":"has-post-thumbnail","7":"category-las-mas-leidas","8":"category-municipios","9":"category-politica-argentina","10":"category-tres-de-febrero","11":"tag-coronavirus","12":"tag-salud"},"aioseo_notices":[],"_links":{"self":[{"href":"https:\/\/guiadenoticias.com.ar\/diario\/wp-json\/wp\/v2\/posts\/16824","targetHints":{"allow":["GET"]}}],"collection":[{"href":"https:\/\/guiadenoticias.com.ar\/diario\/wp-json\/wp\/v2\/posts"}],"about":[{"href":"https:\/\/guiadenoticias.com.ar\/diario\/wp-json\/wp\/v2\/types\/post"}],"author":[{"embeddable":true,"href":"https:\/\/guiadenoticias.com.ar\/diario\/wp-json\/wp\/v2\/users\/1"}],"replies":[{"embeddable":true,"href":"https:\/\/guiadenoticias.com.ar\/diario\/wp-json\/wp\/v2\/comments?post=16824"}],"version-history":[{"count":2,"href":"https:\/\/guiadenoticias.com.ar\/diario\/wp-json\/wp\/v2\/posts\/16824\/revisions"}],"predecessor-version":[{"id":16827,"href":"https:\/\/guiadenoticias.com.ar\/diario\/wp-json\/wp\/v2\/posts\/16824\/revisions\/16827"}],"wp:featuredmedia":[{"embeddable":true,"href":"https:\/\/guiadenoticias.com.ar\/diario\/wp-json\/wp\/v2\/media\/930"}],"wp:attachment":[{"href":"https:\/\/guiadenoticias.com.ar\/diario\/wp-json\/wp\/v2\/media?parent=16824"}],"wp:term":[{"taxonomy":"category","embeddable":true,"href":"https:\/\/guiadenoticias.com.ar\/diario\/wp-json\/wp\/v2\/categories?post=16824"},{"taxonomy":"post_tag","embeddable":true,"href":"https:\/\/guiadenoticias.com.ar\/diario\/wp-json\/wp\/v2\/tags?post=16824"}],"curies":[{"name":"wp","href":"https:\/\/api.w.org\/{rel}","templated":true}]}}