{"id":16867,"date":"2021-02-16T16:02:43","date_gmt":"2021-02-16T19:02:43","guid":{"rendered":"https:\/\/guiadenoticias.com.ar\/diario\/?p=16867"},"modified":"2021-02-18T02:08:19","modified_gmt":"2021-02-18T05:08:19","slug":"elle-van-tok-marca-sentido-y-concepto","status":"publish","type":"post","link":"https:\/\/guiadenoticias.com.ar\/diario\/elle-van-tok-marca-sentido-y-concepto\/","title":{"rendered":"Elle Van Tok: marca, sentido y concepto"},"content":{"rendered":"<p>Elle Van Tok es un juego de palabras que significa palabras mayores. Es una marca de ropa interior que navega el triple impacto: promueve la econom\u00eda basada en la colaboraci\u00f3n, la integraci\u00f3n social y la protecci\u00f3n ambiental. Incluso, Mar\u00eda Eugenia (Maru) Arabehety, fundadora, aclara que ya representan el cuarto impacto, que abarca el compromiso pol\u00edtico, con la inclusi\u00f3n, la sororidad.<\/p>\n<p>Casi imposible referirse a Elle Van Tok sin vincularla con el recorrido de Maru. Vive hoy en Bariloche con su familia; naci\u00f3 en Buenos Aires, vivi\u00f3 en Alemania y Polonia, entre otros pa\u00edses, donde se capacit\u00f3 en lencer\u00eda. Emprendedora, dise\u00f1adora de Indumentaria de la UBA y profesora de Historia del Arte. Sonrisa amplia.<\/p>\n<p>Or\u00edgenes de la marca. \u201cNaci\u00f3 en 2012 como concepto y me tom\u00e9 dos a\u00f1os para aprender en talleres &#8211; cuenta a Gu\u00eda Sexus -. Surgi\u00f3 por una necesidad propia. Padec\u00ed la mayor\u00eda de las cosas que cuentan las chicas con los talles. A veces la discriminaci\u00f3n es del entorno y a veces te auto discrimin\u00e1s\u201d.<\/p>\n<p><img loading=\"lazy\" decoding=\"async\" class=\"alignnone wp-image-16871\" src=\"https:\/\/guiadenoticias.com.ar\/diario\/wp-content\/uploads\/2021\/02\/Van1.jpg\" alt=\"\" width=\"650\" height=\"433\" srcset=\"https:\/\/guiadenoticias.com.ar\/diario\/wp-content\/uploads\/2021\/02\/Van1.jpg 800w, https:\/\/guiadenoticias.com.ar\/diario\/wp-content\/uploads\/2021\/02\/Van1-300x200.jpg 300w, https:\/\/guiadenoticias.com.ar\/diario\/wp-content\/uploads\/2021\/02\/Van1-768x512.jpg 768w, https:\/\/guiadenoticias.com.ar\/diario\/wp-content\/uploads\/2021\/02\/Van1-696x464.jpg 696w, https:\/\/guiadenoticias.com.ar\/diario\/wp-content\/uploads\/2021\/02\/Van1-630x420.jpg 630w\" sizes=\"auto, (max-width: 650px) 100vw, 650px\" \/><\/p>\n<p>\u201cPor otro lado, la sensibilidad tras haber pasado por situaciones de acoso y de abuso desde chica cre\u00f3 una empat\u00eda, en principio, con las mujeres, despu\u00e9s se fue incrementando\u201d, revela.<\/p>\n<p>Elle Van Tok es sin\u00f3nimo de diversidad, lucha contra la violencia de g\u00e9nero; tambi\u00e9n de discapacidad y empoderamiento. Organizan talleres y participan de actividades diversas. \u201cQuer\u00eda generar una marca que tuviera sentido. Empez\u00f3 un equipo chico de trabajo y se ampli\u00f3 incluyendo \u2018aliadas\u2019\u201d, dice, a la vez que destaca el rol de las seguidoras.<\/p>\n<p>Cuentan en la actualidad con sedes en Rio Negro y Buenos Aires. Durante la pandemia llegaron a tener 40 puntos de venta en el pa\u00eds. La f\u00f3rmula es, adem\u00e1s, exitosa: \u201cA\u00f1o tras a\u00f1o duplicamos las ventas y el a\u00f1o pasado triplicamos\u201d. Aunque existe una crisis de crecimiento, motivo por el cual proyectan la b\u00fasqueda de un socio capitalista para dar un salto de inversi\u00f3n y aumentar la capacidad productiva.<\/p>\n<p>Al profundizar sobre el concepto que envuelve al emprendimiento, Maru comenta, \u201cyo pensaba que integraci\u00f3n social era darles trabajo a personas con pocas oportunidades. Entend\u00ed que es la horizontalidad y compartir saberes. Pensar alianzas\u201d.<\/p>\n<p><img loading=\"lazy\" decoding=\"async\" class=\"alignnone wp-image-16872 aligncenter\" src=\"https:\/\/guiadenoticias.com.ar\/diario\/wp-content\/uploads\/2021\/02\/Van2.jpg\" alt=\"\" width=\"650\" height=\"482\" srcset=\"https:\/\/guiadenoticias.com.ar\/diario\/wp-content\/uploads\/2021\/02\/Van2.jpg 800w, https:\/\/guiadenoticias.com.ar\/diario\/wp-content\/uploads\/2021\/02\/Van2-300x222.jpg 300w, https:\/\/guiadenoticias.com.ar\/diario\/wp-content\/uploads\/2021\/02\/Van2-768x569.jpg 768w, https:\/\/guiadenoticias.com.ar\/diario\/wp-content\/uploads\/2021\/02\/Van2-696x516.jpg 696w, https:\/\/guiadenoticias.com.ar\/diario\/wp-content\/uploads\/2021\/02\/Van2-567x420.jpg 567w, https:\/\/guiadenoticias.com.ar\/diario\/wp-content\/uploads\/2021\/02\/Van2-80x60.jpg 80w, https:\/\/guiadenoticias.com.ar\/diario\/wp-content\/uploads\/2021\/02\/Van2-265x198.jpg 265w\" sizes=\"auto, (max-width: 650px) 100vw, 650px\" \/><\/p>\n<p>\u00bfLa imagen es todo? \u201cAl comienzo hac\u00edamos campa\u00f1as profesionales. Quer\u00eda que fot\u00f3grafos, maquilladores profesionales, se unieran con este segmento. Tambi\u00e9n que haya una mirada feminista. Despu\u00e9s incorporamos personas trans y quer\u00edamos que se sientan bien y tengan voz y voto a la hora de decidir qu\u00e9 ponerse\u201d.<\/p>\n<p>Y a\u00f1ade que \u201cluego empezaron las producciones de las seguidoras. Tenemos un mont\u00f3n de material de seguidoras que est\u00e1n creando la identidad de marca. No es s\u00f3lo mostrarse es abrirse a un mont\u00f3n de miedos y trabas\u201d.<\/p>\n<p>En momentos en los cuales el debate por el cambio clim\u00e1tico parece que ocupa el lugar que merece en la agenda de algunas naciones, la responsabilidad individual y colectiva puede ser un gran aporte. En eso trabajan hace 8 a\u00f1os en Elle Van Tok. As\u00ed lo explica su fundadora, \u201cfomentamos ecosistemas colaborativos. Junto con nuestras aliadas creamos sinergia para dejar un camino f\u00e9rtil hacia un desarrollo pr\u00f3spero y sustentable\u201d. De esta manera se involucran con el destino del producto desde el inicio de la cadena hasta el momento de ser desechado.<\/p>\n","protected":false},"excerpt":{"rendered":"<p>Elle Van Tok es un juego de palabras que significa palabras mayores. Es una marca de ropa interior que navega el triple impacto: promueve la econom\u00eda basada en la colaboraci\u00f3n, la integraci\u00f3n social y la protecci\u00f3n ambiental. Incluso, Mar\u00eda Eugenia (Maru) Arabehety, fundadora, aclara que ya representan el cuarto impacto, que abarca el compromiso pol\u00edtico, [&hellip;]<\/p>\n","protected":false},"author":1,"featured_media":16870,"comment_status":"closed","ping_status":"open","sticky":false,"template":"","format":"standard","meta":{"footnotes":""},"categories":[120,70],"tags":[],"class_list":{"0":"post-16867","1":"post","2":"type-post","3":"status-publish","4":"format-standard","5":"has-post-thumbnail","7":"category-1-persona","8":"category-las-mas-leidas"},"aioseo_notices":[],"_links":{"self":[{"href":"https:\/\/guiadenoticias.com.ar\/diario\/wp-json\/wp\/v2\/posts\/16867","targetHints":{"allow":["GET"]}}],"collection":[{"href":"https:\/\/guiadenoticias.com.ar\/diario\/wp-json\/wp\/v2\/posts"}],"about":[{"href":"https:\/\/guiadenoticias.com.ar\/diario\/wp-json\/wp\/v2\/types\/post"}],"author":[{"embeddable":true,"href":"https:\/\/guiadenoticias.com.ar\/diario\/wp-json\/wp\/v2\/users\/1"}],"replies":[{"embeddable":true,"href":"https:\/\/guiadenoticias.com.ar\/diario\/wp-json\/wp\/v2\/comments?post=16867"}],"version-history":[{"count":3,"href":"https:\/\/guiadenoticias.com.ar\/diario\/wp-json\/wp\/v2\/posts\/16867\/revisions"}],"predecessor-version":[{"id":16876,"href":"https:\/\/guiadenoticias.com.ar\/diario\/wp-json\/wp\/v2\/posts\/16867\/revisions\/16876"}],"wp:featuredmedia":[{"embeddable":true,"href":"https:\/\/guiadenoticias.com.ar\/diario\/wp-json\/wp\/v2\/media\/16870"}],"wp:attachment":[{"href":"https:\/\/guiadenoticias.com.ar\/diario\/wp-json\/wp\/v2\/media?parent=16867"}],"wp:term":[{"taxonomy":"category","embeddable":true,"href":"https:\/\/guiadenoticias.com.ar\/diario\/wp-json\/wp\/v2\/categories?post=16867"},{"taxonomy":"post_tag","embeddable":true,"href":"https:\/\/guiadenoticias.com.ar\/diario\/wp-json\/wp\/v2\/tags?post=16867"}],"curies":[{"name":"wp","href":"https:\/\/api.w.org\/{rel}","templated":true}]}}