{"id":16878,"date":"2021-02-16T21:42:57","date_gmt":"2021-02-17T00:42:57","guid":{"rendered":"https:\/\/guiadenoticias.com.ar\/diario\/?p=16878"},"modified":"2021-02-20T22:37:31","modified_gmt":"2021-02-21T01:37:31","slug":"cambios-en-el-equipo-el-mismo-dt","status":"publish","type":"post","link":"https:\/\/guiadenoticias.com.ar\/diario\/cambios-en-el-equipo-el-mismo-dt\/","title":{"rendered":"Cambios en el equipo, el mismo DT"},"content":{"rendered":"<p>En cinco a\u00f1os de gesti\u00f3n ya se conoce el engranaje municipal, hay m\u00e1s cintura pol\u00edtica y conocimiento de propios, opositores y camuflados. En esa realidad se para hoy el intendente de Juntos por el Cambio <strong>Diego Valenzuela<\/strong>, a comienzos de un a\u00f1o electoral pand\u00e9mico y caminando tambi\u00e9n otros distritos bonaerenses, en un armado con vistas a 2023.<\/p>\n<p>Algunas se\u00f1ales del manejo del tablero comunal tienen que ver con los cambios en el gabinete y el Concejo Deliberante. Si bien hay que remarcar que algunos movimientos fueron por decantaci\u00f3n y cuestiones personales, nada parece casualidad.<\/p>\n<p>Despu\u00e9s del reemplazo que qued\u00f3 a mitad de camino en la Secretaria de Educaci\u00f3n y Cultura &#8211; Mercedes Sanguinetti tendr\u00e1 otra funci\u00f3n vinculada tambi\u00e9n con capacitaci\u00f3n -, y que no termin\u00f3 a\u00fan de acomodarse, de forma m\u00e1s reciente hubo varias novedades en la Secretaria de Desarrollo Humano.<\/p>\n<p>La secretaria In\u00e9s Garc\u00eda est\u00e1 de salida y ya tendr\u00eda reemplazo masculino migrado de la Ciudad de Buenos Aires. Por otro lado est\u00e1 confirmada la nueva directora de G\u00e9nero, Ayel\u00e9n Bert\u00f3n, radical con experiencia en Provincia. Diferente es la situaci\u00f3n en Derechos Humanos (y diversidad) donde el municipio no acompa\u00f1a todav\u00eda la agenda actual.<\/p>\n<p>En el HCD, \u00e1mbito en el cual la pol\u00edtica partidaria de todos los espacios impacta de forma m\u00e1s directa, el cambio se formalizar\u00e1 el pr\u00f3ximo viernes 19 de febrero: Sergio Iacovino pide licencia -asume Esteban Cibr\u00e1n, finalmente &#8211; y deja la Presidencia para sumarse al Ejecutivo. El tambi\u00e9n apoderado del PRO dejar\u00e1 su lugar a Juan Carlos Berns, actual presidente del bloque oficialista.<\/p>\n<p>Entre sus primeros desaf\u00edos deber\u00eda contener a la tropa propia, que a fines de 2020 tuvo algunas idas y vueltas, que terminaron incluso con dos bloques. Y acordar con la oposici\u00f3n el \u201creparto\u201d de comisiones y el tratamiento del Presupuesto 2021.<\/p>\n","protected":false},"excerpt":{"rendered":"<p>En cinco a\u00f1os de gesti\u00f3n ya se conoce el engranaje municipal, hay m\u00e1s cintura pol\u00edtica y conocimiento de propios, opositores y camuflados. En esa realidad se para hoy el intendente de Juntos por el Cambio Diego Valenzuela, a comienzos de un a\u00f1o electoral pand\u00e9mico y caminando tambi\u00e9n otros distritos bonaerenses, en un armado con vistas [&hellip;]<\/p>\n","protected":false},"author":1,"featured_media":16881,"comment_status":"closed","ping_status":"open","sticky":false,"template":"","format":"standard","meta":{"footnotes":""},"categories":[70,20,48,26],"tags":[72,98],"class_list":{"0":"post-16878","1":"post","2":"type-post","3":"status-publish","4":"format-standard","5":"has-post-thumbnail","7":"category-las-mas-leidas","8":"category-municipios","9":"category-politica-argentina","10":"category-tres-de-febrero","11":"tag-diego-valenzuela","12":"tag-juntos-por-el-cambio"},"aioseo_notices":[],"_links":{"self":[{"href":"https:\/\/guiadenoticias.com.ar\/diario\/wp-json\/wp\/v2\/posts\/16878","targetHints":{"allow":["GET"]}}],"collection":[{"href":"https:\/\/guiadenoticias.com.ar\/diario\/wp-json\/wp\/v2\/posts"}],"about":[{"href":"https:\/\/guiadenoticias.com.ar\/diario\/wp-json\/wp\/v2\/types\/post"}],"author":[{"embeddable":true,"href":"https:\/\/guiadenoticias.com.ar\/diario\/wp-json\/wp\/v2\/users\/1"}],"replies":[{"embeddable":true,"href":"https:\/\/guiadenoticias.com.ar\/diario\/wp-json\/wp\/v2\/comments?post=16878"}],"version-history":[{"count":1,"href":"https:\/\/guiadenoticias.com.ar\/diario\/wp-json\/wp\/v2\/posts\/16878\/revisions"}],"predecessor-version":[{"id":16880,"href":"https:\/\/guiadenoticias.com.ar\/diario\/wp-json\/wp\/v2\/posts\/16878\/revisions\/16880"}],"wp:featuredmedia":[{"embeddable":true,"href":"https:\/\/guiadenoticias.com.ar\/diario\/wp-json\/wp\/v2\/media\/16881"}],"wp:attachment":[{"href":"https:\/\/guiadenoticias.com.ar\/diario\/wp-json\/wp\/v2\/media?parent=16878"}],"wp:term":[{"taxonomy":"category","embeddable":true,"href":"https:\/\/guiadenoticias.com.ar\/diario\/wp-json\/wp\/v2\/categories?post=16878"},{"taxonomy":"post_tag","embeddable":true,"href":"https:\/\/guiadenoticias.com.ar\/diario\/wp-json\/wp\/v2\/tags?post=16878"}],"curies":[{"name":"wp","href":"https:\/\/api.w.org\/{rel}","templated":true}]}}