{"id":16926,"date":"2021-02-26T00:02:01","date_gmt":"2021-02-26T03:02:01","guid":{"rendered":"https:\/\/guiadenoticias.com.ar\/diario\/?p=16926"},"modified":"2021-02-26T00:02:01","modified_gmt":"2021-02-26T03:02:01","slug":"fallecio-el-dirigente-tresfebrerense-federico-ferreyra","status":"publish","type":"post","link":"https:\/\/guiadenoticias.com.ar\/diario\/fallecio-el-dirigente-tresfebrerense-federico-ferreyra\/","title":{"rendered":"Falleci\u00f3 el dirigente tresfebrerense Federico Ferreyra"},"content":{"rendered":"<p>Este jueves, Federico Ferreyra, dirigente pol\u00edtico y social de Tres de Febrero, falleci\u00f3 tras batallar los \u00faltimos a\u00f1os contra una enfermedad. De forma inmediata, en redes sociales manifestaron su pesar gran cantidad de personas, de diversos \u00e1mbitos.<\/p>\n<p>Ferreyra era de origen radical y militaba desde joven. Entre 2011 y 2019 fue concejal; en parte del segundo mandato tuvo un acuerdo con Cambiemos. En las \u00faltimas elecciones se distanci\u00f3 del Gen y acompa\u00f1\u00f3 la propuesta del Frente de Todos.<\/p>\n<p>En el plano social, participaba de diversas iniciativas comunitarias. Fue una gran referencia para su familia y amigos.<\/p>\n<p>Ser\u00e1 velado el viernes en Cocher\u00eda Mart\u00edn, de Caseros, de 10 a 11. Y trasladado al cementerio de Podest\u00e1 a las 12 horas.<\/p>\n","protected":false},"excerpt":{"rendered":"<p>Este jueves, Federico Ferreyra, dirigente pol\u00edtico y social de Tres de Febrero, falleci\u00f3 tras batallar los \u00faltimos a\u00f1os contra una enfermedad. De forma inmediata, en redes sociales manifestaron su pesar gran cantidad de personas, de diversos \u00e1mbitos. Ferreyra era de origen radical y militaba desde joven. Entre 2011 y 2019 fue concejal; en parte del [&hellip;]<\/p>\n","protected":false},"author":1,"featured_media":11088,"comment_status":"closed","ping_status":"open","sticky":false,"template":"","format":"standard","meta":{"footnotes":""},"categories":[20,48,26],"tags":[],"class_list":{"0":"post-16926","1":"post","2":"type-post","3":"status-publish","4":"format-standard","5":"has-post-thumbnail","7":"category-municipios","8":"category-politica-argentina","9":"category-tres-de-febrero"},"aioseo_notices":[],"_links":{"self":[{"href":"https:\/\/guiadenoticias.com.ar\/diario\/wp-json\/wp\/v2\/posts\/16926","targetHints":{"allow":["GET"]}}],"collection":[{"href":"https:\/\/guiadenoticias.com.ar\/diario\/wp-json\/wp\/v2\/posts"}],"about":[{"href":"https:\/\/guiadenoticias.com.ar\/diario\/wp-json\/wp\/v2\/types\/post"}],"author":[{"embeddable":true,"href":"https:\/\/guiadenoticias.com.ar\/diario\/wp-json\/wp\/v2\/users\/1"}],"replies":[{"embeddable":true,"href":"https:\/\/guiadenoticias.com.ar\/diario\/wp-json\/wp\/v2\/comments?post=16926"}],"version-history":[{"count":1,"href":"https:\/\/guiadenoticias.com.ar\/diario\/wp-json\/wp\/v2\/posts\/16926\/revisions"}],"predecessor-version":[{"id":16927,"href":"https:\/\/guiadenoticias.com.ar\/diario\/wp-json\/wp\/v2\/posts\/16926\/revisions\/16927"}],"wp:featuredmedia":[{"embeddable":true,"href":"https:\/\/guiadenoticias.com.ar\/diario\/wp-json\/wp\/v2\/media\/11088"}],"wp:attachment":[{"href":"https:\/\/guiadenoticias.com.ar\/diario\/wp-json\/wp\/v2\/media?parent=16926"}],"wp:term":[{"taxonomy":"category","embeddable":true,"href":"https:\/\/guiadenoticias.com.ar\/diario\/wp-json\/wp\/v2\/categories?post=16926"},{"taxonomy":"post_tag","embeddable":true,"href":"https:\/\/guiadenoticias.com.ar\/diario\/wp-json\/wp\/v2\/tags?post=16926"}],"curies":[{"name":"wp","href":"https:\/\/api.w.org\/{rel}","templated":true}]}}