{"id":16989,"date":"2021-03-08T02:33:40","date_gmt":"2021-03-08T05:33:40","guid":{"rendered":"https:\/\/guiadenoticias.com.ar\/diario\/?p=16989"},"modified":"2021-03-08T02:41:01","modified_gmt":"2021-03-08T05:41:01","slug":"aperturas-de-sesiones-en-zona-norte","status":"publish","type":"post","link":"https:\/\/guiadenoticias.com.ar\/diario\/aperturas-de-sesiones-en-zona-norte\/","title":{"rendered":"Aperturas de sesiones en Zona Norte"},"content":{"rendered":"<p>El intendente de San Isidro, Gustavo Posse, inaugur\u00f3 el per\u00edodo de sesiones ordinarias de forma semi presencial. Como la mayor\u00eda de sus pares del Conurbano, el jefe comunal realiz\u00f3 un repaso de las acciones del municipio en un a\u00f1o marcado por la pandemia del Covid \u2013 19, momento en el cual agradeci\u00f3 al personal de Salud.<\/p>\n<p>Mencion\u00f3 tambi\u00e9n las decisiones vinculadas con el comercio y la industria, en su postura de apertura gradual de todas las actividades. Posse impuls\u00f3 en 2020 la vuelta con protocolos a las escuelas, algo que se cristaliza reci\u00e9n en este ciclo lectivo.<\/p>\n<p>Entre las obras anunciadas para 2021 cit\u00f3 el desag\u00fce pluvial Alto Per\u00fa, una obra que beneficiar\u00e1 a vecinos de Beccar. La remodelaci\u00f3n de los 14 Centros de Atenci\u00f3n Primaria de la Salud (CAPS) y la creaci\u00f3n de uno nuevo en Villa Adelina.<\/p>\n<p><em>VICENTE L\u00d3PEZ<\/em><\/p>\n<p>El intendente Jorge Macri dio inicio al 98\u00b0 per\u00edodo de sesiones ordinarias del Concejo Deliberante. Los ejes enmarcados en la gesti\u00f3n durante la pandemia fueron salud, ayuda social, econom\u00eda.<\/p>\n<p>Destac\u00f3 \u201cel enorme compromiso de nuestro personal de salud de los Centros de Atenci\u00f3n Primaria y del Hospital Municipal Bernardo Houssay, que tiene una larga trayectoria y reconocimiento\u201d. A la vez que agradeci\u00f3 el acompa\u00f1amiento a todos los trabajadores municipales y a los vecinos.<\/p>\n<p>Repas\u00f3: \u201cTriplicamos la cantidad de camas de terapia intensiva en el Houssay, incorporamos respiradores y creamos centros extra hospitalarios, trabajando en conjunto con Naci\u00f3n y Provincia\u201d. Tambi\u00e9n se refiri\u00f3 a la b\u00fasqueda activa de casos y contactos estrechos en barrios vulnerables,<\/p>\n<p>Y mencion\u00f3 que desde Desarrollo Social trabajaron en la contenci\u00f3n y asistencia a familias, pasando de 4.500 familias a m\u00e1s de 20 mil. Macri record\u00f3 que en 2020 la Comuna ayud\u00f3 a comercios de barrio, con un subsidio no reintegrable de 20 mil pesos, se bonificaron todas las tasas de actividad para 2.800 comercios y para 450 locales gastron\u00f3micos, y se prorrog\u00f3 los vencimientos de las tasas municipales y de las cuotas de planes de pago.<\/p>\n<p>Ante los concejales presentes de las distintas bancadas dijo: \u201cNosotros estamos dispuestos a dialogar e intercambiar ideas que mejoren la vida de los vecinos de Vicente L\u00f3pez. Por eso volvemos a poner a disposici\u00f3n nuestros Centros de Atenci\u00f3n Primaria de la Salud para realizar el plan de vacunaci\u00f3n en lugares adecuados y con profesionales capacitados. Les pido, se\u00f1ores concejales, que nos ayuden a trabajar en conjunto con la Provincia para que las vacunas lleguen r\u00e1pido a quienes m\u00e1s las necesitan\u201d.<\/p>\n<p>Otro momento en el cual desliz\u00f3 una cr\u00edtica al Frente de Todos fue cuando habl\u00f3 de la educaci\u00f3n. \u201cDespu\u00e9s de tantas idas, vueltas y mensajes poco claros, celebro que hoy los chicos puedan volver a la escuela con todos los cuidados necesarios\u201d.<\/p>\n<p><em>SAN MART\u00cdN<\/em><\/p>\n<p>El intendente de San Mart\u00edn, Fernando Moreira, dio inicio al per\u00edodo 137\u00ba del Concejo Deliberante. Durante el discurso, llevado a cabo en el museo Chacra Pueyrred\u00f3n detall\u00f3 todas las medidas sanitarias y econ\u00f3micas del plan de contenci\u00f3n que se llev\u00f3 adelante durante la pandemia en 2020.<\/p>\n<p>El jefe comunal record\u00f3 que el municipio hizo un seguimiento diario de la situaci\u00f3n epidemiol\u00f3gica, form\u00f3 el Consejo Preventivo de Salud y gest\u00f3 un plan de contenci\u00f3n coordinado desde la Secretar\u00eda de Salud, junto con los hospitales locales y otras \u00e1reas municipales.<\/p>\n<p>La inversi\u00f3n en el \u00e1rea incluy\u00f3 la instalaci\u00f3n de un Laboratorio de Biolog\u00eda Molecular en el Hospital Thompson, para analizar muestras del test r\u00e1pido de Covid-19 desarrollado por la UNSAM; la adaptaci\u00f3n de cuatro Centros de Cuidado y Aislamiento Comunitario; y un Centro de Hisopado en el Natatorio Municipal, para ampliar la capacidad de testeo.<\/p>\n<p>Por otro lado cit\u00f3 el trabajo de contenci\u00f3n social, con un dispositivo de distribuci\u00f3n de alimentos, que alcanz\u00f3 a cerca de 100 mil vecinas y vecinos cada mes. Y destac\u00f3 que continuaron los dispositivos de ayuda a mujeres, ni\u00f1os y disidencias.<\/p>\n<p>En el plano del comercio y la industria, Moreira se\u00f1al\u00f3 que se otorgaron exenciones impositivas a monotributistas, comercios, clubes, escuelas, gimnasios, salones y entidades de bien p\u00fablico; y se brind\u00f3 asesoramiento a las Pymes para que puedan funcionar cumpliendo las normas y protocolos.<\/p>\n<p>En cuanto al Plan de Obras 2021\/2022 adelant\u00f3 los trabajos de urbanizaci\u00f3n de barrios del \u00c1rea Reconquista, a trav\u00e9s del Plan de pavimentaci\u00f3n y la extensi\u00f3n de la Red Primaria y Red Secundaria Cloacal en Barrio Necochea, y la Red Secundaria en Lanzone, Independencia, Carcova y 9 de Julio.<\/p>\n<p>Anunci\u00f3 obras de saneamiento, mejora en los desag\u00fces pluviales, la extensi\u00f3n y renovaci\u00f3n de la red pluvial. Seguir\u00e1 en marcha el Plan de Reconversi\u00f3n Lum\u00ednica a LED y el plan de renovaci\u00f3n de calles, accesos y avenidas principales, as\u00ed como la puesta en valor de espacios verdes, centros comerciales y centros culturales. Habr\u00e1 tambi\u00e9n mejoras en los edificios de salud.<\/p>\n<p>En cuanto a la campa\u00f1a de vacunaci\u00f3n contra el Covid-19, el intendente destac\u00f3 que m\u00e1s de 100 mil vecinas y vecinos se registraron en el sitio web Buenos Aires Vacunate y detall\u00f3 que ya hay m\u00e1s de 9.300 vacunados. Moreira agradeci\u00f3 el apoyo de Naci\u00f3n y de Provincia: \u00abHemos articulado y trabajado codo a codo, buscando soluciones r\u00e1pidas e inteligentes ante una situaci\u00f3n dif\u00edcil y extraordinaria\u00bb.<\/p>\n<p>Por otra parte, anunci\u00f3 la creaci\u00f3n de nuevas \u00e1reas de gobierno. En este sentido, se crear\u00e1 un Instituto del H\u00e1bitat, articulado con la Secretar\u00eda de Obras y Servicios P\u00fablicos; la Agencia para la Integraci\u00f3n de las Pol\u00edticas del Cuidado, que tendr\u00e1 el rol de articular los recursos de la acci\u00f3n social directa para las familias en situaci\u00f3n de mayor vulnerabilidad. Y la Secretar\u00eda de Mujeres, G\u00e9neros e Infancias.<\/p>\n","protected":false},"excerpt":{"rendered":"<p>El intendente de San Isidro, Gustavo Posse, inaugur\u00f3 el per\u00edodo de sesiones ordinarias de forma semi presencial. Como la mayor\u00eda de sus pares del Conurbano, el jefe comunal realiz\u00f3 un repaso de las acciones del municipio en un a\u00f1o marcado por la pandemia del Covid \u2013 19, momento en el cual agradeci\u00f3 al personal de [&hellip;]<\/p>\n","protected":false},"author":1,"featured_media":16994,"comment_status":"closed","ping_status":"open","sticky":false,"template":"","format":"standard","meta":{"footnotes":""},"categories":[20,21,24,25],"tags":[139,74,75,71],"class_list":{"0":"post-16989","1":"post","2":"type-post","3":"status-publish","4":"format-standard","5":"has-post-thumbnail","7":"category-municipios","8":"category-san-isidro","9":"category-san-martin","10":"category-vicente-lopez","11":"tag-concejo-deliberante","12":"tag-fernando-moreira","13":"tag-gustavo-posse","14":"tag-jorge-macri"},"aioseo_notices":[],"_links":{"self":[{"href":"https:\/\/guiadenoticias.com.ar\/diario\/wp-json\/wp\/v2\/posts\/16989","targetHints":{"allow":["GET"]}}],"collection":[{"href":"https:\/\/guiadenoticias.com.ar\/diario\/wp-json\/wp\/v2\/posts"}],"about":[{"href":"https:\/\/guiadenoticias.com.ar\/diario\/wp-json\/wp\/v2\/types\/post"}],"author":[{"embeddable":true,"href":"https:\/\/guiadenoticias.com.ar\/diario\/wp-json\/wp\/v2\/users\/1"}],"replies":[{"embeddable":true,"href":"https:\/\/guiadenoticias.com.ar\/diario\/wp-json\/wp\/v2\/comments?post=16989"}],"version-history":[{"count":1,"href":"https:\/\/guiadenoticias.com.ar\/diario\/wp-json\/wp\/v2\/posts\/16989\/revisions"}],"predecessor-version":[{"id":16992,"href":"https:\/\/guiadenoticias.com.ar\/diario\/wp-json\/wp\/v2\/posts\/16989\/revisions\/16992"}],"wp:featuredmedia":[{"embeddable":true,"href":"https:\/\/guiadenoticias.com.ar\/diario\/wp-json\/wp\/v2\/media\/16994"}],"wp:attachment":[{"href":"https:\/\/guiadenoticias.com.ar\/diario\/wp-json\/wp\/v2\/media?parent=16989"}],"wp:term":[{"taxonomy":"category","embeddable":true,"href":"https:\/\/guiadenoticias.com.ar\/diario\/wp-json\/wp\/v2\/categories?post=16989"},{"taxonomy":"post_tag","embeddable":true,"href":"https:\/\/guiadenoticias.com.ar\/diario\/wp-json\/wp\/v2\/tags?post=16989"}],"curies":[{"name":"wp","href":"https:\/\/api.w.org\/{rel}","templated":true}]}}