{"id":17050,"date":"2021-03-16T16:03:46","date_gmt":"2021-03-16T19:03:46","guid":{"rendered":"https:\/\/guiadenoticias.com.ar\/diario\/?p=17050"},"modified":"2021-03-16T16:15:47","modified_gmt":"2021-03-16T19:15:47","slug":"democracia-esa-sana-costumbre-de-reafirmar-nuestras-ideas","status":"publish","type":"post","link":"https:\/\/guiadenoticias.com.ar\/diario\/democracia-esa-sana-costumbre-de-reafirmar-nuestras-ideas\/","title":{"rendered":"Democracia, esa sana costumbre de reafirmar nuestras ideas"},"content":{"rendered":"<p><em>NOTA DE OPINI\u00d3N<\/em><\/p>\n<p>Una vez m\u00e1s, los y las radicales volvemos a las urnas, fiel a nuestras convicciones y a los idearios partidarios. El 21 de marzo definimos entre dos modelos de conducci\u00f3n partidaria. Por un lado quienes queremos dirigentes comprometidos con el partido y que sean capaces de proponer y ejecutar las pol\u00edticas que necesitamos para salir de la pobreza cr\u00f3nica generada por el asistencialismo eterno. Quienes queremos dirigentes que fortalezcan Juntos por el Cambio y generen una propuesta alternativa al kirchnerismo.<\/p>\n<p>Por el otro, quienes anteponen sus intereses personales y que han venido revoloteando durante a\u00f1os alrededor del partido a conveniencia, sin generar una propuesta alternativa de gobierno, asoci\u00e1ndose al poder de turno seg\u00fan su voluntad.<\/p>\n<p>Las mujeres que integramos <strong>\u201cAdelante Buenos Aires\u201d<\/strong> somos impulsoras de la econom\u00eda de las soluciones, somos creativas, innovadoras y creemos que el trabajo y la educaci\u00f3n van de la mano para desarrollar los empleos del futuro. Campo y ciudad trabajando mancomunadamente para salir de la pobreza estructural de la Provincia.<\/p>\n<p>Somos l\u00edderes en el cambio que se avecina, somos el partido centenario que construye el futuro. Y hoy estamos preparadas para gestionar las pol\u00edticas necesarias, para tomar las ideas de la sociedad civil y ponerlas en agenda. Estamos listas para trabajar por el futuro de JxC, el futuro que queremos para el pa\u00eds, para la provincia y para nuestro Tres de Febrero, representando a cada uno de los integrantes de la Uni\u00f3n C\u00edvica Radical.<\/p>\n<p>El viejo partido de los apellidos ilustres, que de vez en cuando postean algo para criticar desde una mesa de un bar, no nos representa ni nos representar\u00e1.<\/p>\n<p>Estamos nutridas por una militancia que se adecua al presente y mira el futuro y por una juventud con fuerza para cambiar la realidad que vivimos en Buenos Aires. Somos radicales que podemos salir del comit\u00e9, presentarnos ante nuestros afiliados y construir juntos el futuro de este partido.<\/p>\n","protected":false},"excerpt":{"rendered":"<p>NOTA DE OPINI\u00d3N Una vez m\u00e1s, los y las radicales volvemos a las urnas, fiel a nuestras convicciones y a los idearios partidarios. El 21 de marzo definimos entre dos modelos de conducci\u00f3n partidaria. Por un lado quienes queremos dirigentes comprometidos con el partido y que sean capaces de proponer y ejecutar las pol\u00edticas que [&hellip;]<\/p>\n","protected":false},"author":1,"featured_media":17055,"comment_status":"closed","ping_status":"open","sticky":false,"template":"","format":"standard","meta":{"footnotes":""},"categories":[20,2,48,26],"tags":[102],"class_list":{"0":"post-17050","1":"post","2":"type-post","3":"status-publish","4":"format-standard","5":"has-post-thumbnail","7":"category-municipios","8":"category-opinion","9":"category-politica-argentina","10":"category-tres-de-febrero","11":"tag-ucr"},"aioseo_notices":[],"_links":{"self":[{"href":"https:\/\/guiadenoticias.com.ar\/diario\/wp-json\/wp\/v2\/posts\/17050","targetHints":{"allow":["GET"]}}],"collection":[{"href":"https:\/\/guiadenoticias.com.ar\/diario\/wp-json\/wp\/v2\/posts"}],"about":[{"href":"https:\/\/guiadenoticias.com.ar\/diario\/wp-json\/wp\/v2\/types\/post"}],"author":[{"embeddable":true,"href":"https:\/\/guiadenoticias.com.ar\/diario\/wp-json\/wp\/v2\/users\/1"}],"replies":[{"embeddable":true,"href":"https:\/\/guiadenoticias.com.ar\/diario\/wp-json\/wp\/v2\/comments?post=17050"}],"version-history":[{"count":1,"href":"https:\/\/guiadenoticias.com.ar\/diario\/wp-json\/wp\/v2\/posts\/17050\/revisions"}],"predecessor-version":[{"id":17052,"href":"https:\/\/guiadenoticias.com.ar\/diario\/wp-json\/wp\/v2\/posts\/17050\/revisions\/17052"}],"wp:featuredmedia":[{"embeddable":true,"href":"https:\/\/guiadenoticias.com.ar\/diario\/wp-json\/wp\/v2\/media\/17055"}],"wp:attachment":[{"href":"https:\/\/guiadenoticias.com.ar\/diario\/wp-json\/wp\/v2\/media?parent=17050"}],"wp:term":[{"taxonomy":"category","embeddable":true,"href":"https:\/\/guiadenoticias.com.ar\/diario\/wp-json\/wp\/v2\/categories?post=17050"},{"taxonomy":"post_tag","embeddable":true,"href":"https:\/\/guiadenoticias.com.ar\/diario\/wp-json\/wp\/v2\/tags?post=17050"}],"curies":[{"name":"wp","href":"https:\/\/api.w.org\/{rel}","templated":true}]}}