{"id":17131,"date":"2021-03-30T00:44:48","date_gmt":"2021-03-30T03:44:48","guid":{"rendered":"https:\/\/guiadenoticias.com.ar\/diario\/?p=17131"},"modified":"2021-04-05T02:10:21","modified_gmt":"2021-04-05T05:10:21","slug":"marcelo-bello-fue-una-rendicion-coherente-con-el-ano-que-vivimos","status":"publish","type":"post","link":"https:\/\/guiadenoticias.com.ar\/diario\/marcelo-bello-fue-una-rendicion-coherente-con-el-ano-que-vivimos\/","title":{"rendered":"Marcelo Bello: \u201cFue una Rendici\u00f3n coherente con el a\u00f1o que vivimos\u201d"},"content":{"rendered":"<p>A pocos d\u00edas de la votaci\u00f3n en el <strong>Concejo Deliberante de Tres de Febrero<\/strong> de la <strong>Rendici\u00f3n de Cuentas<\/strong> del ejercicio municipal 2020, Marcelo Bello, presidente de la Comisi\u00f3n de Hacienda y Presupuesto, evalu\u00f3 que \u201ces una Rendici\u00f3n absolutamente transparente, coherente con el a\u00f1o que vivimos\u201d.<\/p>\n<p>En di\u00e1logo con Gu\u00eda de Noticias se mostr\u00f3 complacido por el trabajo en la comisi\u00f3n y cont\u00f3 que \u201ctodos los concejales pudieron revisar la documentaci\u00f3n y hubo dos computadoras con acceso al Rafam; adem\u00e1s, los empleados del Concejo trabajaron muy bien\u201d.<\/p>\n<p>N\u00fameros. La gesti\u00f3n de Diego Valenzuela transit\u00f3 el a\u00f1o pasado con un Presupuesto prorrogado, por 4 mil millones de pesos, con un incremento en el c\u00e1lculo superior a los 2 mil millones. Finalmente, el 48 por ciento de los ingresos fueron de origen municipal y el ejercicio arroj\u00f3 un super\u00e1vit de 1078 millones de pesos.<\/p>\n<p>\u201cEs una Rendici\u00f3n absolutamente transparente, coherente con el a\u00f1o que vivimos. El a\u00f1o 2020 se caracteriz\u00f3 por una imprevisi\u00f3n absoluta; hoy, terminada la primera ola de la pandemia uno puede tener una idea de c\u00f3mo ser\u00e1 la segunda ola\u201d, mencion\u00f3 el edil radical, y repas\u00f3, \u201cel primer semestre se trat\u00f3 de hacer ahorros en la mayor cantidad de rubros posibles para hacer frente al gasto social, que fue del 68 por ciento\u201d.<\/p>\n<p>La votaci\u00f3n en el recinto termin\u00f3 12 \u2013 no estuvieron los concejales oficialistas Mar\u00eda de los \u00c1ngeles Berardi y Esteban Cibr\u00e1n \u2013 a 10 por la negativa, del bloque Todos \u2013 PJ. De hecho, desde la oposici\u00f3n hicieron cuestionamientos sobre el destino de recursos girados por Naci\u00f3n y Provincia.<\/p>\n<p>Bello, durante la entrevista con este portal, neg\u00f3 que haya existido falta de claridad en la documentaci\u00f3n respaldatoria: \u201cTodo el dinero que entr\u00f3 de Provincia, que fueron 228 millones, fueron a servicios b\u00e1sicos de Salud, Desarrollo Humano, Educaci\u00f3n, infraestructura\u201d.<\/p>\n<p>Puntualmente sobre la observaci\u00f3n relacionada con el \u00e1rea de Seguridad desliz\u00f3, \u201clos patrulleros que no ven en la calle son de Provincia, los patrulleros municipales est\u00e1n todos y funcionando\u201d, y aclar\u00f3, \u201cel tema es que entr\u00f3 cerca de fin de a\u00f1o un aporte de 220 millones, del Fondo de Fortalecimiento de Seguridad, que no se lleg\u00f3 a pagar durante ese ejercicio\u201d. Ese dinero es para la adquisici\u00f3n de una veintena de veh\u00edculos.<\/p>\n<p>M\u00e1s all\u00e1 de las diferencias exhibidas en el recinto, el edil de Juntos por el Cambio remarc\u00f3 que la oposici\u00f3n no se\u00f1al\u00f3 irregularidades, \u201chasta algunos concejales destacaron el tema de la transparencia, el acceso a la informaci\u00f3n. No hubo ocultamiento de ning\u00fan dato\u201d. Habr\u00e1 que ver c\u00f3mo contin\u00faa la convivencia en un a\u00f1o electoral y ante otra sesi\u00f3n clave, como es Presupuesto, cuya votaci\u00f3n ser\u00eda a fines de abril.<\/p>\n","protected":false},"excerpt":{"rendered":"<p>A pocos d\u00edas de la votaci\u00f3n en el Concejo Deliberante de Tres de Febrero de la Rendici\u00f3n de Cuentas del ejercicio municipal 2020, Marcelo Bello, presidente de la Comisi\u00f3n de Hacienda y Presupuesto, evalu\u00f3 que \u201ces una Rendici\u00f3n absolutamente transparente, coherente con el a\u00f1o que vivimos\u201d. En di\u00e1logo con Gu\u00eda de Noticias se mostr\u00f3 complacido [&hellip;]<\/p>\n","protected":false},"author":1,"featured_media":17132,"comment_status":"closed","ping_status":"open","sticky":false,"template":"","format":"standard","meta":{"footnotes":""},"categories":[70,20,48,26],"tags":[148],"class_list":{"0":"post-17131","1":"post","2":"type-post","3":"status-publish","4":"format-standard","5":"has-post-thumbnail","7":"category-las-mas-leidas","8":"category-municipios","9":"category-politica-argentina","10":"category-tres-de-febrero","11":"tag-rendicion-de-cuentas"},"aioseo_notices":[],"_links":{"self":[{"href":"https:\/\/guiadenoticias.com.ar\/diario\/wp-json\/wp\/v2\/posts\/17131","targetHints":{"allow":["GET"]}}],"collection":[{"href":"https:\/\/guiadenoticias.com.ar\/diario\/wp-json\/wp\/v2\/posts"}],"about":[{"href":"https:\/\/guiadenoticias.com.ar\/diario\/wp-json\/wp\/v2\/types\/post"}],"author":[{"embeddable":true,"href":"https:\/\/guiadenoticias.com.ar\/diario\/wp-json\/wp\/v2\/users\/1"}],"replies":[{"embeddable":true,"href":"https:\/\/guiadenoticias.com.ar\/diario\/wp-json\/wp\/v2\/comments?post=17131"}],"version-history":[{"count":2,"href":"https:\/\/guiadenoticias.com.ar\/diario\/wp-json\/wp\/v2\/posts\/17131\/revisions"}],"predecessor-version":[{"id":17151,"href":"https:\/\/guiadenoticias.com.ar\/diario\/wp-json\/wp\/v2\/posts\/17131\/revisions\/17151"}],"wp:featuredmedia":[{"embeddable":true,"href":"https:\/\/guiadenoticias.com.ar\/diario\/wp-json\/wp\/v2\/media\/17132"}],"wp:attachment":[{"href":"https:\/\/guiadenoticias.com.ar\/diario\/wp-json\/wp\/v2\/media?parent=17131"}],"wp:term":[{"taxonomy":"category","embeddable":true,"href":"https:\/\/guiadenoticias.com.ar\/diario\/wp-json\/wp\/v2\/categories?post=17131"},{"taxonomy":"post_tag","embeddable":true,"href":"https:\/\/guiadenoticias.com.ar\/diario\/wp-json\/wp\/v2\/tags?post=17131"}],"curies":[{"name":"wp","href":"https:\/\/api.w.org\/{rel}","templated":true}]}}