{"id":17224,"date":"2021-04-09T02:05:51","date_gmt":"2021-04-09T05:05:51","guid":{"rendered":"https:\/\/guiadenoticias.com.ar\/diario\/?p=17224"},"modified":"2021-04-15T02:09:17","modified_gmt":"2021-04-15T05:09:17","slug":"maximo-kirchner-en-la-presentacion-de-la-escuela-de-gobierno-2021","status":"publish","type":"post","link":"https:\/\/guiadenoticias.com.ar\/diario\/maximo-kirchner-en-la-presentacion-de-la-escuela-de-gobierno-2021\/","title":{"rendered":"M\u00e1ximo Kirchner, en la presentaci\u00f3n de la Escuela de Gobierno 2021"},"content":{"rendered":"<p>El presidente del bloque del Frente de Todos en la C\u00e1mara de Diputados de la Naci\u00f3n, <strong>M\u00e1ximo Kirchner<\/strong>, presidi\u00f3 la presentaci\u00f3n de la <strong>Escuela de Gobierno 2021<\/strong> del Frente Nacional Peronista. Durante la apertura realizada v\u00eda Zoom, lo acompa\u00f1aron el intendente de Lomas de Zamora, Mart\u00edn Insaurralde; y el diputado provincial y fundador del espacio, Julio Pereyra.<\/p>\n<p>A diez a\u00f1os del lanzamiento del Frente Nacional Peronista (9\/9\/2010), cuando N\u00e9stor Kirchner fue el principal orador, hoy la Escuela de Gobierno abre su segunda edici\u00f3n con la misi\u00f3n de formar cuadros pol\u00edticos integrales. En esa direcci\u00f3n, el programa contempla la formaci\u00f3n en Gesti\u00f3n P\u00fablica Bonaerense, Gesti\u00f3n Local y Gesti\u00f3n Social Local, y se desarrollar\u00e1 entre abril y septiembre bajo la modalidad de clases virtuales para cumplir con el protocolo sanitario vigente.<\/p>\n<p>\u201cEl \u00faltimo comunicado de Juntos por el Cambio ha desnudado lo que piensa su conducci\u00f3n\u201d, se\u00f1al\u00f3 M\u00e1ximo. Adem\u00e1s, plante\u00f3 que \u201cse busca frustrar la esperanza de los argentinos y las argentinas. Parte de la formaci\u00f3n pol\u00edtica tiene que ver con la autoestima de nuestra gente, nuestra sociedad y nuestro pueblo. Siempre nos quieren hacer creer que de nada sirve, que los \u00fanicos que lo pueden hacer son ellos\u201d.<\/p>\n<p>En relaci\u00f3n con la misi\u00f3n de la Escuela de Gobierno del Frente Nacional Peronista, asegur\u00f3: \u201cDebemos formar a los que se acerquen a un partido pol\u00edtico, en este caso el peronismo. Que quienes han tenido la experiencia de la gesti\u00f3n puedan trasmitirlas. Para no repetir errores y para los aciertos potenciarlos y hacerlos mejores. No hay gestiones perfectas. Macri lo piensa, pero nosotros no\u201d.<\/p>\n<p>Asimismo, el diputado dijo, \u201cdurante los 4 a\u00f1os del macrismo dimos una gran discusi\u00f3n interna. Nos esforzamos para encontrar una s\u00edntesis que le diera a la sociedad una opci\u00f3n de cara a las pol\u00edticas que eran destinadas al fracaso de la Argentina, que son las pol\u00edticas neoliberales. Argentina ya hab\u00eda vivido este tipo de pol\u00edticas y ya hab\u00edan fracasado\u201d.<\/p>\n<p>Agreg\u00f3 que \u201cel desaf\u00edo nuestro tiene que ver con c\u00f3mo nos pensamos de cara al futuro. La derecha argentina que acaba de gobernar, hab\u00eda llegado con el mote de la eficiencia. Eran todos ceos que proven\u00edan del sector privado y que iban a hacer una gesti\u00f3n de la ostia. Fue una gesti\u00f3n de la ostia para ellos. Los conceptos y m\u00e1rgenes dentro de los que nos queremos mover tienen que ver con darle a la Argentina un futuro diferente. La derecha ofrece el futuro para una peque\u00f1a porci\u00f3n de la sociedad a la que le ofrece el siglo XXI mientras empuja a la mayor\u00eda al siglo XIX\u201d.<\/p>\n<p>Por otro lado, M\u00e1ximo Kirchner se\u00f1al\u00f3 que \u201cel gobierno est\u00e1 frente a un acoso medi\u00e1tico constante. Cualquier medida es atacada. No hay cohesi\u00f3n, s\u00f3lo se busca esmerilar y hacer da\u00f1o. Lamentablemente, no han procesado de buena manera la derrota electoral del 2019. Y es una pena para todos. Se le exige a Alberto desde los medios de comunicaci\u00f3n lo que nunca le exigieron al expresidente Mauricio Macri. Y se nota mucho\u201d.<\/p>\n<p>En el tramo final de su disertaci\u00f3n dijo que \u201cesta pandemia ha demostrado que necesitamos generar una soberan\u00eda productiva\u201d. \u201cNo podemos estimular los agobios en una sociedad agobiada. Esta situaci\u00f3n nos puso en los l\u00edmites. Vamos a tener que sacar fuerza y tener mucha voluntad, conducta y disciplina. Es un tir\u00f3n m\u00e1s para vacunar a quienes est\u00e1n en situaci\u00f3n de riesgo. Es un esfuerzo m\u00e1s. Hay que traer cordura donde la oposici\u00f3n ofrece locura. Hay que ser firmes, estar enteros y entender que cuando la sociedad elige a sus gobernantes los elige para que tomen las decisiones que tienen que tomar, digan lo que digan los medios de comunicaci\u00f3n\u201d, concluy\u00f3.<\/p>\n","protected":false},"excerpt":{"rendered":"<p>El presidente del bloque del Frente de Todos en la C\u00e1mara de Diputados de la Naci\u00f3n, M\u00e1ximo Kirchner, presidi\u00f3 la presentaci\u00f3n de la Escuela de Gobierno 2021 del Frente Nacional Peronista. Durante la apertura realizada v\u00eda Zoom, lo acompa\u00f1aron el intendente de Lomas de Zamora, Mart\u00edn Insaurralde; y el diputado provincial y fundador del espacio, [&hellip;]<\/p>\n","protected":false},"author":1,"featured_media":17225,"comment_status":"closed","ping_status":"open","sticky":false,"template":"","format":"standard","meta":{"footnotes":""},"categories":[30,48,31],"tags":[104,151],"class_list":{"0":"post-17224","1":"post","2":"type-post","3":"status-publish","4":"format-standard","5":"has-post-thumbnail","7":"category-nacion","8":"category-politica-argentina","9":"category-provincia","10":"tag-frente-de-todos","11":"tag-maximo-kirchner"},"aioseo_notices":[],"_links":{"self":[{"href":"https:\/\/guiadenoticias.com.ar\/diario\/wp-json\/wp\/v2\/posts\/17224","targetHints":{"allow":["GET"]}}],"collection":[{"href":"https:\/\/guiadenoticias.com.ar\/diario\/wp-json\/wp\/v2\/posts"}],"about":[{"href":"https:\/\/guiadenoticias.com.ar\/diario\/wp-json\/wp\/v2\/types\/post"}],"author":[{"embeddable":true,"href":"https:\/\/guiadenoticias.com.ar\/diario\/wp-json\/wp\/v2\/users\/1"}],"replies":[{"embeddable":true,"href":"https:\/\/guiadenoticias.com.ar\/diario\/wp-json\/wp\/v2\/comments?post=17224"}],"version-history":[{"count":1,"href":"https:\/\/guiadenoticias.com.ar\/diario\/wp-json\/wp\/v2\/posts\/17224\/revisions"}],"predecessor-version":[{"id":17226,"href":"https:\/\/guiadenoticias.com.ar\/diario\/wp-json\/wp\/v2\/posts\/17224\/revisions\/17226"}],"wp:featuredmedia":[{"embeddable":true,"href":"https:\/\/guiadenoticias.com.ar\/diario\/wp-json\/wp\/v2\/media\/17225"}],"wp:attachment":[{"href":"https:\/\/guiadenoticias.com.ar\/diario\/wp-json\/wp\/v2\/media?parent=17224"}],"wp:term":[{"taxonomy":"category","embeddable":true,"href":"https:\/\/guiadenoticias.com.ar\/diario\/wp-json\/wp\/v2\/categories?post=17224"},{"taxonomy":"post_tag","embeddable":true,"href":"https:\/\/guiadenoticias.com.ar\/diario\/wp-json\/wp\/v2\/tags?post=17224"}],"curies":[{"name":"wp","href":"https:\/\/api.w.org\/{rel}","templated":true}]}}