{"id":17318,"date":"2021-04-27T22:52:03","date_gmt":"2021-04-28T01:52:03","guid":{"rendered":"https:\/\/guiadenoticias.com.ar\/diario\/?p=17318"},"modified":"2021-05-04T16:00:13","modified_gmt":"2021-05-04T19:00:13","slug":"movida-en-villa-bosch-no-cierran-los-gimnasios","status":"publish","type":"post","link":"https:\/\/guiadenoticias.com.ar\/diario\/movida-en-villa-bosch-no-cierran-los-gimnasios\/","title":{"rendered":"Movida en Villa Bosch: no cierran los gimnasios"},"content":{"rendered":"<p>Luego de las medidas decretadas el 16 de abril por el presidente Alberto Fern\u00e1ndez, y ratificadas por el gobierno de la provincia de Buenos Aires, <strong>siete gimnasios de Villa Bosch<\/strong> manifestaron su descontento y afirmaron que no acatar\u00e1n la medida.<\/p>\n<p>Ante el crecimiento exponencial de casos y la saturaci\u00f3n de camas en el sistema de salud del AMBA, el gobierno nacional decidi\u00f3, entre otras medidas, la suspensi\u00f3n de \u00abtodas las actividades recreativas sociales, culturales, deportivas y religiosas que se hagan en lugares cerrados\u00bb, buscando as\u00ed restringir al m\u00e1ximo los encuentros sociales.<\/p>\n<p>El comunicado de los gimnasios indica, \u00abcomo es de p\u00fablico conocimiento, frente a las \u00faltimas medidas tomadas, donde se manifiesta el cierre de la actividad recreativa y deportiva, <strong>los Gimnasios Unidos de Villa Bosch<\/strong> manifestamos que no vamos a cerrar nuestros espacios\u00bb.<\/p>\n<p>La agrupaci\u00f3n est\u00e1 integrada por American Gym, Brook, Scorpion Gym, Hook, New Loft, Buey Box y MLM, quienes afirman que \u00abnuestros protocolos son de los m\u00e1s estrictos que existen y garantizan un espacio m\u00e1s saludable y de menor riesgo. Estos fueron desarrollados y avalados por el gobierno de la provincia y, desde nuestra reapertura, no existieron casos de contagios en nuestros lugares\u00bb.<\/p>\n<p>La cuarentena estricta que comenz\u00f3 en marzo de 2020 y se extendi\u00f3 hasta octubre peg\u00f3 fuerte en la econom\u00eda de estos locales. La actividad fue catalogada como \u00abno esencial\u00bb y se vieron obligados a interrumpir por completo su ejercicio, situaci\u00f3n que no s\u00f3lo afect\u00f3 a los due\u00f1os y las due\u00f1as sino tambi\u00e9n a las personas que forman parte de sus equipos de trabajo. \u00abSeguimos siendo responsables en el cuidado de la salud de nuestros socios\/as y de las fuentes de trabajo que dependen de nosotros\u00bb, agrega la declaraci\u00f3n.<\/p>\n<p>La salud mental se pone en juego en esta cuesti\u00f3n. Tedros Adhanom Ghebreyesus, director general de la Organizaci\u00f3n Mundial de la Salud (OMS), advirti\u00f3 el a\u00f1o pasado, en el marco del confinamiento por el COVID-19, que \u00absi no nos mantenemos activos, corremos el riesgo de crear otra pandemia\u00bb. En este sentido, el comunicado de Gimnasios Unidos expresa, \u00abno somos un foco de contagio, volvimos y contribuimos a mejorar enfermedades que el encierro y la falta de actividad gener\u00f3 en las personas\u00bb.<\/p>\n<p>Si bien no hay estad\u00edsticas, no puede ponerse en duda que el Aislamiento Social, Preventivo y Obligatorio detuvo la actividad f\u00edsica de muchas personas. Los siete gimnasios que rechazaron la medida tomada por el Gobierno sostienen, \u00absomos parte de la soluci\u00f3n, NO del problema\u00bb.<\/p>\n<p>Ante la posibilidad de volver a una fase m\u00e1s estricta en los pr\u00f3ximos d\u00edas, uno de los referentes de esta red aclar\u00f3 que no tienen ninguna decisi\u00f3n tomada y que ver\u00e1n en el d\u00eda a d\u00eda. Por otro lado, en relaci\u00f3n a la cantidad de socios y socias que concurren actualmente a las instalaciones, asegur\u00f3 que es considerablemente menor en comparaci\u00f3n con los tiempos pre-pandemia y que unos de los motivos que profundizan la baja asistencia es el miedo a perder la continuidad ante una posible vuelta a la fase 1.<\/p>\n","protected":false},"excerpt":{"rendered":"<p>Luego de las medidas decretadas el 16 de abril por el presidente Alberto Fern\u00e1ndez, y ratificadas por el gobierno de la provincia de Buenos Aires, siete gimnasios de Villa Bosch manifestaron su descontento y afirmaron que no acatar\u00e1n la medida. Ante el crecimiento exponencial de casos y la saturaci\u00f3n de camas en el sistema de [&hellip;]<\/p>\n","protected":false},"author":1,"featured_media":17319,"comment_status":"closed","ping_status":"open","sticky":false,"template":"","format":"standard","meta":{"footnotes":""},"categories":[49,19,70,20],"tags":[81,80],"class_list":{"0":"post-17318","1":"post","2":"type-post","3":"status-publish","4":"format-standard","5":"has-post-thumbnail","7":"category-economia-y-gremiales","8":"category-informacion-general","9":"category-las-mas-leidas","10":"category-municipios","11":"tag-coronavirus","12":"tag-salud"},"aioseo_notices":[],"_links":{"self":[{"href":"https:\/\/guiadenoticias.com.ar\/diario\/wp-json\/wp\/v2\/posts\/17318","targetHints":{"allow":["GET"]}}],"collection":[{"href":"https:\/\/guiadenoticias.com.ar\/diario\/wp-json\/wp\/v2\/posts"}],"about":[{"href":"https:\/\/guiadenoticias.com.ar\/diario\/wp-json\/wp\/v2\/types\/post"}],"author":[{"embeddable":true,"href":"https:\/\/guiadenoticias.com.ar\/diario\/wp-json\/wp\/v2\/users\/1"}],"replies":[{"embeddable":true,"href":"https:\/\/guiadenoticias.com.ar\/diario\/wp-json\/wp\/v2\/comments?post=17318"}],"version-history":[{"count":1,"href":"https:\/\/guiadenoticias.com.ar\/diario\/wp-json\/wp\/v2\/posts\/17318\/revisions"}],"predecessor-version":[{"id":17320,"href":"https:\/\/guiadenoticias.com.ar\/diario\/wp-json\/wp\/v2\/posts\/17318\/revisions\/17320"}],"wp:featuredmedia":[{"embeddable":true,"href":"https:\/\/guiadenoticias.com.ar\/diario\/wp-json\/wp\/v2\/media\/17319"}],"wp:attachment":[{"href":"https:\/\/guiadenoticias.com.ar\/diario\/wp-json\/wp\/v2\/media?parent=17318"}],"wp:term":[{"taxonomy":"category","embeddable":true,"href":"https:\/\/guiadenoticias.com.ar\/diario\/wp-json\/wp\/v2\/categories?post=17318"},{"taxonomy":"post_tag","embeddable":true,"href":"https:\/\/guiadenoticias.com.ar\/diario\/wp-json\/wp\/v2\/tags?post=17318"}],"curies":[{"name":"wp","href":"https:\/\/api.w.org\/{rel}","templated":true}]}}