{"id":17405,"date":"2021-05-09T22:32:44","date_gmt":"2021-05-10T01:32:44","guid":{"rendered":"https:\/\/guiadenoticias.com.ar\/diario\/?p=17405"},"modified":"2021-05-10T14:51:31","modified_gmt":"2021-05-10T17:51:31","slug":"michelle-notagay-el-violento-tiene-una-inseguridad-que-no-puede-manejar","status":"publish","type":"post","link":"https:\/\/guiadenoticias.com.ar\/diario\/michelle-notagay-el-violento-tiene-una-inseguridad-que-no-puede-manejar\/","title":{"rendered":"Michelle Notagay: \u201cEl violento tiene una inseguridad que no puede manejar\u201d"},"content":{"rendered":"<p>Ver\u00f3nica \u201cMichelle\u201d Notagay es una mujer fuerte y multifac\u00e9tica. La chaque\u00f1a es modelo, actriz, conductora de radio en Mundo Sur 106.5 &#8211; s\u00e1bados, 20 horas &#8211; y tiene un programa MNTV Digital en Diucko Digital y Radio Mundos TV &#8211; s\u00e1bados y domingos, a las 19 -. Hay m\u00e1s, incursion\u00f3 en el canto y firmar\u00e1 pronto contrato con una productora, y estudi\u00f3 artes pl\u00e1sticas. Est\u00e1 acostumbrada a ser noticia, ya sea por sus proyectos laborales, como por su historia de vida.<\/p>\n<p>Hace 9 a\u00f1os se radic\u00f3 en Buenos Aires, \u201cvine con un prop\u00f3sito. Ac\u00e1 ten\u00e9s m\u00e1s oportunidades\u201d, y desde ese momento no par\u00f3. \u201cEn 2020 trabaj\u00e9 mucho desde mi casa, las marcas me mandan la ropa y hago las fotos\u201d, cuenta en di\u00e1logo con Gu\u00eda Sexus. Michelle es, adem\u00e1s, la modelo e imagen oficial del sal\u00f3n de belleza Tu Dezeo.<\/p>\n<p>Repasa, \u201cme fui de vacaciones a Mar del Plata y me llamaron para hacer una campa\u00f1a de trajes de ba\u00f1o. Dos semanas de vacaciones, dos d\u00edas trabaj\u00e9. Fui a Resistencia y me pas\u00f3 lo mismo. Ayuda mucho tener varios seguidores, cuenta verificada, las notas period\u00edsticas\u201d.<\/p>\n<p>Con gran cantidad de seguidorxs de @michelle_notagay, nos revela que un deseo en la actualidad es conseguir el divorcio. Algo que significar\u00eda bastante m\u00e1s que un tr\u00e1mite administrativo.<\/p>\n<figure id=\"attachment_17406\" aria-describedby=\"caption-attachment-17406\" style=\"width: 519px\" class=\"wp-caption aligncenter\"><img loading=\"lazy\" decoding=\"async\" class=\" wp-image-17406\" src=\"https:\/\/guiadenoticias.com.ar\/diario\/wp-content\/uploads\/2021\/05\/Notagay1.jpg\" alt=\"\" width=\"519\" height=\"784\" srcset=\"https:\/\/guiadenoticias.com.ar\/diario\/wp-content\/uploads\/2021\/05\/Notagay1.jpg 1000w, https:\/\/guiadenoticias.com.ar\/diario\/wp-content\/uploads\/2021\/05\/Notagay1-199x300.jpg 199w, https:\/\/guiadenoticias.com.ar\/diario\/wp-content\/uploads\/2021\/05\/Notagay1-678x1024.jpg 678w, https:\/\/guiadenoticias.com.ar\/diario\/wp-content\/uploads\/2021\/05\/Notagay1-768x1160.jpg 768w, https:\/\/guiadenoticias.com.ar\/diario\/wp-content\/uploads\/2021\/05\/Notagay1-696x1051.jpg 696w, https:\/\/guiadenoticias.com.ar\/diario\/wp-content\/uploads\/2021\/05\/Notagay1-278x420.jpg 278w\" sizes=\"auto, (max-width: 519px) 100vw, 519px\" \/><figcaption id=\"caption-attachment-17406\" class=\"wp-caption-text\">Cr\u00e9dito: ph Alejandro Ruspil. Imagen oficial de @gabyfashi_on<\/figcaption><\/figure>\n<p><em>\u00bfSent\u00eds que hay encasillamiento o es una decisi\u00f3n personal cuando los medios de comunicaci\u00f3n mencionan de forma permanente tus or\u00edgenes?<\/em><\/p>\n<p>Yo remarco que soy la \u00fanica modelo ind\u00edgena chaque\u00f1a (mocov\u00ed). Lo destaco porque nunca me olvido de mis ra\u00edces, lo voy a decir siempre, m\u00e1s que nada no me olvido de d\u00f3nde vengo. Me encanta hablar de mi familia, mostrarla en mis redes sociales. Lo marqu\u00e9 desde un principio y los medios lo dicen siempre.<\/p>\n<p><em>\u00bfTodav\u00eda sos la \u00fanica modelo ind\u00edgena?<\/em><\/p>\n<p>Es lo que me dicen todos. Cuando arranqu\u00e9 mi carrera hace 9 a\u00f1os fue furor y Gerardo Sofovich (\u201cLa noche del domingo\u201d) me llam\u00f3 para que le cuente mi historia. Nac\u00ed en Quitilip\u00ed, despu\u00e9s nos fuimos a Juan Jos\u00e9 Castelli.<br \/>\nEn la infancia fui discriminada en un colegio de monjas, hasta nos echaron con mi hermana por nuestra ascendencia ind\u00edgena. Ac\u00e1 no me discriminan; te pueden envidiar porque ten\u00e9s m\u00e1s trabajo o ten\u00e9s mejor f\u00edsico. Te discriminan si sos de otro pa\u00eds.<br \/>\n(\u2026) Por otro lado, capaz que hay personas que le gusta, pero no van a dejar su tierra, su familia, para venir a Buenos Aires y avanzar en una carrera de modelo o artista. Tampoco se animan, no es para todos y es muy dif\u00edcil el comienzo.<\/p>\n<p><em>En 2016 fuiste apu\u00f1alada por una ex pareja y m\u00e1s recientemente sufriste violencia f\u00edsica de parte de tu esposo. \u00bfQu\u00e9 reflexi\u00f3n hac\u00e9s sobre estos ataques?<\/em><\/p>\n<p>Tengo mala suerte, porque tuve dos parejas iguales. Tambi\u00e9n elijo mal. En el primer caso no la v\u00ed venir, era un novio de la adolescencia, conoc\u00eda a su familia. Nunca hab\u00edamos peleado fuerte. Pero, un d\u00eda de la nada reaccion\u00f3 mal, porque quer\u00eda tomarme un tiempo sola. Grit\u00e9 para pedir ayuda y ah\u00ed casi me mata con un cuchillo. Me apu\u00f1al\u00f3 en el pecho, t\u00f3rax y abdomen. Est\u00e1 preso en Marcos Paz.<br \/>\nCuando me pas\u00f3 esto, me enter\u00e9 despu\u00e9s que ten\u00eda antecedentes con una ex novia y cumpl\u00eda tareas comunitarias.<\/p>\n<figure id=\"attachment_17407\" aria-describedby=\"caption-attachment-17407\" style=\"width: 520px\" class=\"wp-caption aligncenter\"><img loading=\"lazy\" decoding=\"async\" class=\" wp-image-17407\" src=\"https:\/\/guiadenoticias.com.ar\/diario\/wp-content\/uploads\/2021\/05\/Notagay2.jpg\" alt=\"\" width=\"520\" height=\"785\" srcset=\"https:\/\/guiadenoticias.com.ar\/diario\/wp-content\/uploads\/2021\/05\/Notagay2.jpg 1000w, https:\/\/guiadenoticias.com.ar\/diario\/wp-content\/uploads\/2021\/05\/Notagay2-199x300.jpg 199w, https:\/\/guiadenoticias.com.ar\/diario\/wp-content\/uploads\/2021\/05\/Notagay2-678x1024.jpg 678w, https:\/\/guiadenoticias.com.ar\/diario\/wp-content\/uploads\/2021\/05\/Notagay2-768x1160.jpg 768w, https:\/\/guiadenoticias.com.ar\/diario\/wp-content\/uploads\/2021\/05\/Notagay2-696x1051.jpg 696w, https:\/\/guiadenoticias.com.ar\/diario\/wp-content\/uploads\/2021\/05\/Notagay2-278x420.jpg 278w\" sizes=\"auto, (max-width: 520px) 100vw, 520px\" \/><figcaption id=\"caption-attachment-17407\" class=\"wp-caption-text\">Cr\u00e9dito: ph Alejandro Ruspil. Imagen oficial de @gabyfashi_on<\/figcaption><\/figure>\n<p><em>\u00bfLo perdonaste?<\/em><\/p>\n<p>La verdad que s\u00ed. Me cost\u00f3 mucho superarlo, entonces en un momento habl\u00e9 con \u00e9l y lo perdon\u00e9. No siento odio, pero no quiero saber m\u00e1s nada de \u00e9l. S\u00ed corro el riesgo que cuando salga me venga a buscar, ah\u00ed tengo que pensar qu\u00e9 voy a hacer.<\/p>\n<p><em>\u00bfPudiste superar la situaci\u00f3n?<\/em><\/p>\n<p>Yo hago terapia. Se puede superar, pero est\u00e1s siempre a la defensiva. Me pasa que cuando salgo con un chico, si hay algo que no me gusta, no lo quiero volver a ver. Confundo las cosas, tengo miedo que se obsesione.<\/p>\n<p><em>\u00bfTuviste alguna se\u00f1al de alarma de tu segunda pareja?<\/em><\/p>\n<p>Tambi\u00e9n ten\u00eda una historia con la ex novia, pero no exist\u00eda denuncia. Yo le hice dos denuncias por violencia de g\u00e9nero y tengo hasta ahora una perimetral, y estoy con el tema del divorcio.<br \/>\n(\u2026) La relaci\u00f3n de noviazgo fue perfecta, cuando nos casamos, al d\u00eda siguiente era otra persona. Me celaba de todos. Hac\u00eda esc\u00e1ndalo y no se controlaba. No pude soportar la situaci\u00f3n y me separ\u00e9, y ah\u00ed me peg\u00f3. Se fue un a\u00f1o a Brasil, cuando volvi\u00f3 me atac\u00f3 otra vez cuando me pidi\u00f3 una segunda oportunidad y le dije que no.<\/p>\n<p><em>\u00bfQu\u00e9 pens\u00e1s de colectivos como Ni Una Menos o algunas movidas feministas?<\/em><\/p>\n<p>Capaz que me ayudar\u00edan, pero no comparto algunas manifestaciones que hacen en la v\u00eda p\u00fablica. Me pregunto si esas mujeres pasaron por un hecho de violencia de g\u00e9nero.<\/p>\n<p><em>\u00bfDe qu\u00e9 manera te parece que se puede colaborar para frenar la \u201cpandemia\u201d de violencia de g\u00e9nero?<\/em><\/p>\n<p>Violencia de g\u00e9nero hubo siempre, pero antes las mujeres depend\u00edan m\u00e1s del hombre. Hoy, como todo avanz\u00f3, la mujer es m\u00e1s independiente. Hay m\u00e1s ayuda, podemos llamar a la polic\u00eda, tener un bot\u00f3n antip\u00e1nico. Lo primero que hay que hacer es pedir ayuda, a la familia, a una amiga o amigo. Contar lo que te pasa. El violento tiene un ciclo, primero te insulta de la peor manera, te humilla; segundo, te golpea y luego te mata. Tiene una inseguridad que no puede manejar.<\/p>\n","protected":false},"excerpt":{"rendered":"<p>Ver\u00f3nica \u201cMichelle\u201d Notagay es una mujer fuerte y multifac\u00e9tica. La chaque\u00f1a es modelo, actriz, conductora de radio en Mundo Sur 106.5 &#8211; s\u00e1bados, 20 horas &#8211; y tiene un programa MNTV Digital en Diucko Digital y Radio Mundos TV &#8211; s\u00e1bados y domingos, a las 19 -. Hay m\u00e1s, incursion\u00f3 en el canto y firmar\u00e1 [&hellip;]<\/p>\n","protected":false},"author":1,"featured_media":17408,"comment_status":"closed","ping_status":"open","sticky":false,"template":"","format":"standard","meta":{"footnotes":""},"categories":[120],"tags":[],"class_list":{"0":"post-17405","1":"post","2":"type-post","3":"status-publish","4":"format-standard","5":"has-post-thumbnail","7":"category-1-persona"},"aioseo_notices":[],"_links":{"self":[{"href":"https:\/\/guiadenoticias.com.ar\/diario\/wp-json\/wp\/v2\/posts\/17405","targetHints":{"allow":["GET"]}}],"collection":[{"href":"https:\/\/guiadenoticias.com.ar\/diario\/wp-json\/wp\/v2\/posts"}],"about":[{"href":"https:\/\/guiadenoticias.com.ar\/diario\/wp-json\/wp\/v2\/types\/post"}],"author":[{"embeddable":true,"href":"https:\/\/guiadenoticias.com.ar\/diario\/wp-json\/wp\/v2\/users\/1"}],"replies":[{"embeddable":true,"href":"https:\/\/guiadenoticias.com.ar\/diario\/wp-json\/wp\/v2\/comments?post=17405"}],"version-history":[{"count":11,"href":"https:\/\/guiadenoticias.com.ar\/diario\/wp-json\/wp\/v2\/posts\/17405\/revisions"}],"predecessor-version":[{"id":17420,"href":"https:\/\/guiadenoticias.com.ar\/diario\/wp-json\/wp\/v2\/posts\/17405\/revisions\/17420"}],"wp:featuredmedia":[{"embeddable":true,"href":"https:\/\/guiadenoticias.com.ar\/diario\/wp-json\/wp\/v2\/media\/17408"}],"wp:attachment":[{"href":"https:\/\/guiadenoticias.com.ar\/diario\/wp-json\/wp\/v2\/media?parent=17405"}],"wp:term":[{"taxonomy":"category","embeddable":true,"href":"https:\/\/guiadenoticias.com.ar\/diario\/wp-json\/wp\/v2\/categories?post=17405"},{"taxonomy":"post_tag","embeddable":true,"href":"https:\/\/guiadenoticias.com.ar\/diario\/wp-json\/wp\/v2\/tags?post=17405"}],"curies":[{"name":"wp","href":"https:\/\/api.w.org\/{rel}","templated":true}]}}