{"id":17425,"date":"2021-05-10T02:44:04","date_gmt":"2021-05-10T05:44:04","guid":{"rendered":"https:\/\/guiadenoticias.com.ar\/diario\/?p=17425"},"modified":"2021-05-16T23:10:35","modified_gmt":"2021-05-17T02:10:35","slug":"achilli-la-gestion-de-tres-de-febrero-deja-mucho-que-desear","status":"publish","type":"post","link":"https:\/\/guiadenoticias.com.ar\/diario\/achilli-la-gestion-de-tres-de-febrero-deja-mucho-que-desear\/","title":{"rendered":"Achilli: \u201cLa gesti\u00f3n de Tres de Febrero deja mucho que desear\u201d"},"content":{"rendered":"<p>El concejal del bloque Todos \u2013 PJ de Tres de Febrero Diego Achilli es directo con su opini\u00f3n de la gesti\u00f3n local: \u201cLa administraci\u00f3n de Tres de Febrero deja mucho que desear, es un municipio que deber\u00eda tener m\u00e1s recursos\u201d, dijo en di\u00e1logo con Gu\u00eda de Noticias, entrevista en la cual habl\u00f3 tambi\u00e9n de su cargo como gerente en ADIFSE &#8211; Administrador de Infraestructuras Ferroviarias -.<\/p>\n<p>El massista se entusiasma con el proyecto del t\u00fanel de S\u00e1enz Pe\u00f1a, \u201clos fondos son del Estado nacional, pero licita cada municipio. Ahora est\u00e1 el proceso de licitaci\u00f3n. La obra tiene m\u00e1s de un a\u00f1o de desarrollo\u201d, se\u00f1al\u00f3, y aclar\u00f3 que \u201cADIF trabaja en m\u00e1s de 35 pasos bajo nivel en distintos puntos del Conurbano y uno de los m\u00e1s costosos es el de Tres de Febrero (1500 millones de pesos), porque muchas v\u00edas pasan por ese lugar\u201d. Adem\u00e1s, adelant\u00f3 que dentro de poco empezar\u00e1n finalmente con la electrificaci\u00f3n del ferrocarril ex San Mart\u00edn.<\/p>\n<p>Consultado por los cambios en Transporte, tras la muerte del ministro, Achilli consider\u00f3 que \u201cMario Meoni era un tipo de laburo, de di\u00e1logo. En ese a\u00f1o y medio que estuvo al frente del ministerio hizo un gran trabajo, y estamos hablando de una \u00e9poca con muchos problemas\u201d; a futuro pronostica, \u201csigue el trabajo estrat\u00e9gico planificado por nuestro espacio y por Sergio Massa\u201d.<\/p>\n<p>Alexis Guerrera fue hasta hace unos d\u00edas el presidente de ADIF, por lo tanto el concejal conoce la impronta del flamante ministro. \u201cEl perfil de la gente que trabaja con Sergio es ejecutivo, por eso en el espacio hay varios intendentes, gente que viene del territorio\u201d, agreg\u00f3.<\/p>\n<p><em>OBRAS Y RECURSOS<\/em><\/p>\n<p>La semana pasada compartieron una recorrida por Pablo Podest\u00e1 Malena Galmarini, presidenta de Aguas y Saneamientos Argentinos (AySA); Federico Thea, secretario General de la provincia de Buenos Aires; el intendente Diego Valenzuela, Juan Debandi, vicepresidente de la Agencia de Administraci\u00f3n de Bienes del Estado y varios ediles de Todos \u2013 PJ.<\/p>\n<p>Supervisaron los trabajos de tendido de la red secundaria cloacal. Achilli fue parte de la comitiva y coment\u00f3 a este portal que \u201cla obra est\u00e1 ya en ejecuci\u00f3n, es un tendido de 15 kil\u00f3metros en el sector que falta y con esto llegar\u00edamos en la traza urbana al cien por ciento del servicio\u201d. \u201cPara m\u00ed es una alegr\u00eda, porque es algo que faltaba hace mucho tiempo. En los cuatro a\u00f1os anteriores no se hizo nada, no hubo inversi\u00f3n en el Conurbano\u201d, destac\u00f3.<\/p>\n<p>Relacionado con la foto pol\u00edtica de dicha jornada, el hombre del Frente Renovador lanz\u00f3, \u201clo que veo es que el intendente de Tres de Febrero trata de subirse a todos los trenes, de sacar r\u00e9dito de todas las obras. Tenemos que ser concientes y la gente tiene que saber que en los cuatro a\u00f1os de Cambiemos hubo poca inversi\u00f3n de Naci\u00f3n y Provincia\u201d.<\/p>\n<p>Otro tema con el que muestra reparos es con el pr\u00f3ximo tratamiento del Presupuesto en el recinto del Concejo Deliberante. \u201cOtra cosa desprolija. Estamos en mayo y todav\u00eda se sigue trabajando sobre el presupuesto de 2019\u201d.<\/p>\n<p>Mencion\u00f3 asimismo, \u201csoy cr\u00edtico de esta gesti\u00f3n porque como vimos en la Rendici\u00f3n de Cuentas hay secretar\u00edas que malgastan los recursos\u201d, y cit\u00f3, \u201cel a\u00f1o pasado, en pandemia, la Secretar\u00eda de Asuntos Estrat\u00e9gicos de 180 millones de pesos, 170 millones los gast\u00f3 en publicidad\u201d.<\/p>\n","protected":false},"excerpt":{"rendered":"<p>El concejal del bloque Todos \u2013 PJ de Tres de Febrero Diego Achilli es directo con su opini\u00f3n de la gesti\u00f3n local: \u201cLa administraci\u00f3n de Tres de Febrero deja mucho que desear, es un municipio que deber\u00eda tener m\u00e1s recursos\u201d, dijo en di\u00e1logo con Gu\u00eda de Noticias, entrevista en la cual habl\u00f3 tambi\u00e9n de su [&hellip;]<\/p>\n","protected":false},"author":1,"featured_media":17426,"comment_status":"closed","ping_status":"open","sticky":false,"template":"","format":"standard","meta":{"footnotes":""},"categories":[70,20,48,26],"tags":[],"class_list":{"0":"post-17425","1":"post","2":"type-post","3":"status-publish","4":"format-standard","5":"has-post-thumbnail","7":"category-las-mas-leidas","8":"category-municipios","9":"category-politica-argentina","10":"category-tres-de-febrero"},"aioseo_notices":[],"_links":{"self":[{"href":"https:\/\/guiadenoticias.com.ar\/diario\/wp-json\/wp\/v2\/posts\/17425","targetHints":{"allow":["GET"]}}],"collection":[{"href":"https:\/\/guiadenoticias.com.ar\/diario\/wp-json\/wp\/v2\/posts"}],"about":[{"href":"https:\/\/guiadenoticias.com.ar\/diario\/wp-json\/wp\/v2\/types\/post"}],"author":[{"embeddable":true,"href":"https:\/\/guiadenoticias.com.ar\/diario\/wp-json\/wp\/v2\/users\/1"}],"replies":[{"embeddable":true,"href":"https:\/\/guiadenoticias.com.ar\/diario\/wp-json\/wp\/v2\/comments?post=17425"}],"version-history":[{"count":3,"href":"https:\/\/guiadenoticias.com.ar\/diario\/wp-json\/wp\/v2\/posts\/17425\/revisions"}],"predecessor-version":[{"id":17451,"href":"https:\/\/guiadenoticias.com.ar\/diario\/wp-json\/wp\/v2\/posts\/17425\/revisions\/17451"}],"wp:featuredmedia":[{"embeddable":true,"href":"https:\/\/guiadenoticias.com.ar\/diario\/wp-json\/wp\/v2\/media\/17426"}],"wp:attachment":[{"href":"https:\/\/guiadenoticias.com.ar\/diario\/wp-json\/wp\/v2\/media?parent=17425"}],"wp:term":[{"taxonomy":"category","embeddable":true,"href":"https:\/\/guiadenoticias.com.ar\/diario\/wp-json\/wp\/v2\/categories?post=17425"},{"taxonomy":"post_tag","embeddable":true,"href":"https:\/\/guiadenoticias.com.ar\/diario\/wp-json\/wp\/v2\/tags?post=17425"}],"curies":[{"name":"wp","href":"https:\/\/api.w.org\/{rel}","templated":true}]}}