{"id":17445,"date":"2021-05-12T02:09:21","date_gmt":"2021-05-12T05:09:21","guid":{"rendered":"https:\/\/guiadenoticias.com.ar\/diario\/?p=17445"},"modified":"2021-05-12T02:09:21","modified_gmt":"2021-05-12T05:09:21","slug":"juan-andreotti-recorrio-la-futura-planta-de-reciclaje-municipal","status":"publish","type":"post","link":"https:\/\/guiadenoticias.com.ar\/diario\/juan-andreotti-recorrio-la-futura-planta-de-reciclaje-municipal\/","title":{"rendered":"Juan Andreotti recorri\u00f3 la futura Planta de Reciclaje Municipal"},"content":{"rendered":"<p>El<strong> intendente Juan Andreotti<\/strong> visit\u00f3 la construcci\u00f3n de la <strong>primera Planta de Reciclaje Municipal de San Fernando<\/strong> junto con la secretaria de Desarrollo Social, Educaci\u00f3n y Medio Ambiente, Eva Andreotti; la subsecretaria de Obras P\u00fablicas, Cecilia Tucat, y el director de Investigaci\u00f3n y Cuidado de los Recursos Naturales, Gabriel Tato.<\/p>\n<p>\u201cDesde el programa \u2018Eco Sanfer\u2019 trabajamos con mucho \u00e9nfasis en la concientizaci\u00f3n y estamos en una etapa en la que tenemos que entender que el lugar donde vivimos es de todos, debemos cuidarlo y cambiar h\u00e1bitos que da\u00f1an al medio ambiente\u201d, se\u00f1al\u00f3 el jefe comunal.<\/p>\n<p>Agreg\u00f3 asimismo que \u201cen cada punto del distrito se realizan acciones, desde la \u00b4Botella de Amor\u00b4, reciclar tapitas de pl\u00e1stico, puntos verdes. Esta Planta de Tratamiento de Residuos S\u00f3lidos Urbanos nos permitir\u00e1 cuidar nuestra ciudad y dar mano de obra a muchos vecinos. Entre todos tenemos que seguir cuidando esta ciudad, en consonancia con el medio ambiente\u201d.<\/p>\n<p>Por su parte, Eva Andreotti detall\u00f3: \u201cLa planta va a funcionar con todos los residuos reciclables que nuestros vecinos generan. Hoy tenemos diferentes puntos de reciclado de pl\u00e1stico, latas, papel, cart\u00f3n, tapitas de pl\u00e1stico y \u00b4Botellas de Amor\u00b4. El nuevo espacio va a estar totalmente equipado para recibir los residuos que generan nuestros vecinos, gracias a la maquinaria que hemos recibido del Ministerio de Ambiente y Desarrollo Sostenible de la Naci\u00f3n\u201d.<\/p>\n<p>\u201cDesde el municipio haremos la separaci\u00f3n de origen de los residuos, y los materiales reciclados se reinvertir\u00e1n en el distrito y tambi\u00e9n crear\u00e1 nuevos puestos de trabajo\u201d, afirm\u00f3 la funcionaria.<\/p>\n","protected":false},"excerpt":{"rendered":"<p>El intendente Juan Andreotti visit\u00f3 la construcci\u00f3n de la primera Planta de Reciclaje Municipal de San Fernando junto con la secretaria de Desarrollo Social, Educaci\u00f3n y Medio Ambiente, Eva Andreotti; la subsecretaria de Obras P\u00fablicas, Cecilia Tucat, y el director de Investigaci\u00f3n y Cuidado de los Recursos Naturales, Gabriel Tato. \u201cDesde el programa \u2018Eco Sanfer\u2019 [&hellip;]<\/p>\n","protected":false},"author":1,"featured_media":17446,"comment_status":"closed","ping_status":"open","sticky":false,"template":"","format":"standard","meta":{"footnotes":""},"categories":[20,22],"tags":[76],"class_list":{"0":"post-17445","1":"post","2":"type-post","3":"status-publish","4":"format-standard","5":"has-post-thumbnail","7":"category-municipios","8":"category-san-fernando","9":"tag-juan-andreotti"},"aioseo_notices":[],"_links":{"self":[{"href":"https:\/\/guiadenoticias.com.ar\/diario\/wp-json\/wp\/v2\/posts\/17445","targetHints":{"allow":["GET"]}}],"collection":[{"href":"https:\/\/guiadenoticias.com.ar\/diario\/wp-json\/wp\/v2\/posts"}],"about":[{"href":"https:\/\/guiadenoticias.com.ar\/diario\/wp-json\/wp\/v2\/types\/post"}],"author":[{"embeddable":true,"href":"https:\/\/guiadenoticias.com.ar\/diario\/wp-json\/wp\/v2\/users\/1"}],"replies":[{"embeddable":true,"href":"https:\/\/guiadenoticias.com.ar\/diario\/wp-json\/wp\/v2\/comments?post=17445"}],"version-history":[{"count":1,"href":"https:\/\/guiadenoticias.com.ar\/diario\/wp-json\/wp\/v2\/posts\/17445\/revisions"}],"predecessor-version":[{"id":17447,"href":"https:\/\/guiadenoticias.com.ar\/diario\/wp-json\/wp\/v2\/posts\/17445\/revisions\/17447"}],"wp:featuredmedia":[{"embeddable":true,"href":"https:\/\/guiadenoticias.com.ar\/diario\/wp-json\/wp\/v2\/media\/17446"}],"wp:attachment":[{"href":"https:\/\/guiadenoticias.com.ar\/diario\/wp-json\/wp\/v2\/media?parent=17445"}],"wp:term":[{"taxonomy":"category","embeddable":true,"href":"https:\/\/guiadenoticias.com.ar\/diario\/wp-json\/wp\/v2\/categories?post=17445"},{"taxonomy":"post_tag","embeddable":true,"href":"https:\/\/guiadenoticias.com.ar\/diario\/wp-json\/wp\/v2\/tags?post=17445"}],"curies":[{"name":"wp","href":"https:\/\/api.w.org\/{rel}","templated":true}]}}