{"id":17454,"date":"2021-05-13T17:23:19","date_gmt":"2021-05-13T20:23:19","guid":{"rendered":"https:\/\/guiadenoticias.com.ar\/diario\/?p=17454"},"modified":"2021-05-16T23:12:05","modified_gmt":"2021-05-17T02:12:05","slug":"mariano-coronas-decir-no-soy-machista-es-machista","status":"publish","type":"post","link":"https:\/\/guiadenoticias.com.ar\/diario\/mariano-coronas-decir-no-soy-machista-es-machista\/","title":{"rendered":"Mariano Coronas: \u00abDecir no soy machista, es machista\u00bb"},"content":{"rendered":"<p>Mariano Coronas tiene 42 a\u00f1os, es de Villa Crespo y se define como un hombre cisg\u00e9nero heterosexual. Hace m\u00e1s de un a\u00f1o lleva adelante una cuenta de Instagram que se llama @lamasculinidad donde habla sobre la \u00abmasculinidad tradicional y normativa\u00bb como una masculinidad \u00abtriste y desconectada\u00bb.<\/p>\n<p>Desde su lugar de hombre blanco, de clase media y heterosexual, cuestiona, reflexiona y pone en \u00abjaque\u00bb a los privilegios que los varones tienen en una sociedad patriarcal. Prefiere hablar de \u00abmasculinidades\u00bb para \u00abromper con esa talla \u00fanica que impuso el patriarcado\u00bb.<\/p>\n<p>Se informa, aprende, hace talleres y comparte herramientas para hacer m\u00e1s visibles los machismos y micromachismos que muchas veces pasan desapercibidos. No le habla a las mujeres y no binaries, les habla a los varones, es a ellos a quienes quiere interpelar con su contenido.<\/p>\n<p>La cuenta de Instagram empez\u00f3 siendo un espacio para hacer catarsis, hoy tiene m\u00e1s de 7 mil seguidorxs y va en aumento.<\/p>\n<p><em>\u00bfCu\u00e1ndo y por qu\u00e9 empezaste con la cuenta \u00abLa masculinidad\u00bb?<\/em><\/p>\n<p>Con la p\u00e1gina empec\u00e9 hace m\u00e1s o menos un a\u00f1o y medio, pero tuvo un cambio. Antes sub\u00eda \u00fanicamente caricaturas o frases y hace unos meses que empec\u00e9 a subir publicaciones referidas a las masculinidades. Hubo un clic, que no s\u00e9 bien cu\u00e1l fue, creo que una sumatoria de cosas en este recorrido. Escuch\u00e9 por primera vez la palabra masculinidades y desde ah\u00ed empec\u00e9 a leer un mont\u00f3n de contenido y a participar de talleres. A medida que me interioric\u00e9 en el tema me empezaron a hacer ruido muchas cosas, pero tambi\u00e9n me empezaron a cerrar muchas otras. Al principio no ten\u00eda muy en claro hacia d\u00f3nde iba con la p\u00e1gina, pero si sab\u00eda que quer\u00eda recopilar info sobre el tema y expresar estas cosas que me pasan a m\u00ed con la masculinidad normativa. Sumado a esto, mis amigas feministas, yo siempre digo que me fueron sembrando el feminismo en mi mirada. Al principio ten\u00eda un poco esta cuesti\u00f3n del \u00abaliado\u00bb pero me di cuenta que por otro lado no estaba revisando mi d\u00eda a d\u00eda.<\/p>\n<p><em>En la descripci\u00f3n de la cuenta en la red social dec\u00eds que te \u00abgusta pensar a la masculinidad tradicional y normativa como una masculinidad triste y desconectada\u00bb, \u00bfa qu\u00e9 hac\u00e9s referencia?<\/em><\/p>\n<p>La masculinidad tradicional y normativa la entiendo como un talle \u00fanico al que el sistema, el patriarcado, nos pone como modelo para reproducir. Yo estoy dentro de esa masculinidad hegem\u00f3nica, intentando salir de ah\u00ed para sacarme ese traje de \u00abmacho\u00bb. Cumpl\u00ed con esa talla \u00fanica y me esmer\u00e9 para llegar a esa talla \u00fanica. Digo, sos hombre, ten\u00e9s que jugar al f\u00fatbol, comer asado y no sacarle la grasa, ten\u00e9s que ser seguro, hipersexuado, expres\u00e1ndolo siempre con tus pares.<\/p>\n<p>En ese pacto de caballeros, cuando estamos todos juntos, me las mand\u00e9 todas. Cuando empec\u00e9 a leer sobre masculinidades la vi con muchos nombres: tradicional, hegem\u00f3nica, heteronormativa. Cuando digo \u00abtriste y desconectada\u00bb hago referencia a que estamos desconectados de las emociones, de la forma de vincularnos con otros hombres, y en ese sentido es triste. Siempre tuve muchas amigas mujeres y lo que me pasaba era que con ellas pod\u00eda compartir mis emociones y charlarlas y con mis amigos no. Triste es una manera suave de llamarla. Yo no quiero que me aplauda el feminismo, mi compromiso tiene que ver con los varones, con contagiarlos, con interpelarlos, con alcanzarles herramientas para que volvamos a conectarnos con nuestras emociones.<\/p>\n<p><em>\u00bfQu\u00e9 significado tiene el logo del zapato en tus publicaciones?<\/em><\/p>\n<p>Con el logo del zapato me pas\u00f3 algo puntual, de hecho ya no lo estoy usando y fui muy, muy criticado. Cuando arranqu\u00e9 a subir contenido sobre las masculinidades contrat\u00e9 una dise\u00f1adora gr\u00e1fica para hacer el logo. Me present\u00f3 tres o cuatro, y cuando vi el zapato lo interpret\u00e9 como esta cuesti\u00f3n de ponernos en los zapatos del otre. Me acord\u00e9 de un mont\u00f3n de amigas dici\u00e9ndome que el zapato de taco era inc\u00f3modo y me qued\u00e9 con eso, justamente los hombres tenemos que ponernos inc\u00f3modos. No me refiero a trasvestirnos sino a las incomodidades que nos llevan a nosotros a romper el pacto de caballeros. Pero una vez una chica me dijo, \u00abche, \u00bfvos usaste alguna vez zapato con taco? Sos un hombre, una vez m\u00e1s, suponiendo algo\u00bb. Y ten\u00eda raz\u00f3n. Pero bueno, es parte de mi desconstrucci\u00f3n, tambi\u00e9n. Si mis intenciones son buenas, no tengo que tener miedo a equivocarme.<\/p>\n<p><em>\u00bfTu p\u00fablico son s\u00f3lo varones heterocis?<\/em><\/p>\n<p>Cuando abr\u00ed la cuenta no pens\u00e9 en el p\u00fablico, porque no pens\u00e9 que iba a haber p\u00fablico. Un poco la hice como para hacer catarsis, era algo m\u00e1s para m\u00ed. Al principio not\u00e9 que la mayor\u00eda eran mujeres. Cuando la p\u00e1gina fue creciendo empec\u00e9 a hacer muchas historias con encuestas o ciertos temas para captar hombres. Hoy en d\u00eda, las m\u00e9tricas me dan un 55 por ciento mujeres y un 45 por ciento varones, y me siento muy orgulloso de eso. Vi las m\u00e9tricas de otras cuentas que tambi\u00e9n hablan sobre masculinidades, Latinoamericanas y de Europa, y en general son de un 75 por ciento mujeres y un 25 por ciento varones. Yo a los que quiero interpelar es a los hombres, m\u00e1s all\u00e1 de muchos mensajes que recib\u00ed al punto que quer\u00eda cerrar la cuenta, cada piedra que ca\u00eda me daba de lleno. Me pareci\u00f3 como una puerta de entrada y tuvo sus efectos.<\/p>\n<p><em>\u00bfRecibiste agresiones de otros varones por el contenido que public\u00e1s?<\/em><\/p>\n<p>S\u00ed, recib\u00ed agresiones, mucho troll. Inconscientemente nosotros somos soldados del patriarcado sin tener mucho fundamento. Atacamos a todo lo que no entra en la talla \u00fanica, sea del g\u00e9nero que sea, de hecho pod\u00e9s ser heterocis pero si sos gordo ya no entr\u00e1s en esa norma. Eso lo sent\u00ed para conmigo. Muchos me escrib\u00edan y me dec\u00edan cosas como, \u00abno s\u00e9 de qu\u00e9 hablas\u00bb, \u00abyo eso no lo eleg\u00ed desde chico\u00bb. Me han mandado mensajes con mi foto, que yo no hab\u00eda subido, dici\u00e9ndome \u00abte vamos a ir a buscar\u00bb. Cualquier comentario que venga de una manera no emp\u00e1tica reproduce el machismo. Es una manera machista de comunicarse.<\/p>\n<p><em>En una de tus publicaciones dec\u00eda, \u00absi alguien te marca un machismo dec\u00ed gracias\u00bb, o sea que hay personas que lo agradecen.<\/em><\/p>\n<p>S\u00ed, eso lo reflexion\u00e9 en un momento muy particular. Hab\u00edamos terminado de jugar al f\u00fatbol con unos amigos y est\u00e1bamos tomando algo. En un momento yo digo algo y un amigo me dice, \u00abeso es machista\u00bb. Yo me quedo, lo pienso y le digo, \u00abboludo, ten\u00e9s raz\u00f3n, no me di cuenta\u00bb. Si me marcan un machismo no me siento atacado, al contrario, quiero que me lo marquen. Nadie est\u00e1 libre de no cometer un machismo o un micromachismo, no hay que sentirse atacado sino agradecido.<\/p>\n<p><em>Hay varones que dicen no ser machistas, \u00bfcre\u00e9s que realmente es as\u00ed?<\/em><\/p>\n<p>Decir no soy machista, es machista. Es imposible, les dir\u00eda que me digan c\u00f3mo hicieron porque tienen la soluci\u00f3n. S\u00ed creo que las nuevas generaciones tienen m\u00e1s naturalizado la cuesti\u00f3n de los g\u00e9neros fluidos, la diversidad y la orientaci\u00f3n sexual, pero el machismo va cambiando de color un poco. Esa naturalizaci\u00f3n no significa que no se sigan reproduciendo machismos desde otros lugares, lamentablemente. En los partidos y movimientos pol\u00edticos y las organizaciones sindicales, por ejemplo, hay una estructura machista muy fuerte que no se cuestiona. Estas instituciones est\u00e1n lideradas por varones; cuando se democraticen las voces ah\u00ed adentro, vamos a poder hablar de un cambio estructural.<\/p>\n","protected":false},"excerpt":{"rendered":"<p>Mariano Coronas tiene 42 a\u00f1os, es de Villa Crespo y se define como un hombre cisg\u00e9nero heterosexual. Hace m\u00e1s de un a\u00f1o lleva adelante una cuenta de Instagram que se llama @lamasculinidad donde habla sobre la \u00abmasculinidad tradicional y normativa\u00bb como una masculinidad \u00abtriste y desconectada\u00bb. Desde su lugar de hombre blanco, de clase media [&hellip;]<\/p>\n","protected":false},"author":1,"featured_media":17455,"comment_status":"closed","ping_status":"open","sticky":false,"template":"","format":"standard","meta":{"footnotes":""},"categories":[120,70],"tags":[],"class_list":{"0":"post-17454","1":"post","2":"type-post","3":"status-publish","4":"format-standard","5":"has-post-thumbnail","7":"category-1-persona","8":"category-las-mas-leidas"},"aioseo_notices":[],"_links":{"self":[{"href":"https:\/\/guiadenoticias.com.ar\/diario\/wp-json\/wp\/v2\/posts\/17454","targetHints":{"allow":["GET"]}}],"collection":[{"href":"https:\/\/guiadenoticias.com.ar\/diario\/wp-json\/wp\/v2\/posts"}],"about":[{"href":"https:\/\/guiadenoticias.com.ar\/diario\/wp-json\/wp\/v2\/types\/post"}],"author":[{"embeddable":true,"href":"https:\/\/guiadenoticias.com.ar\/diario\/wp-json\/wp\/v2\/users\/1"}],"replies":[{"embeddable":true,"href":"https:\/\/guiadenoticias.com.ar\/diario\/wp-json\/wp\/v2\/comments?post=17454"}],"version-history":[{"count":1,"href":"https:\/\/guiadenoticias.com.ar\/diario\/wp-json\/wp\/v2\/posts\/17454\/revisions"}],"predecessor-version":[{"id":17456,"href":"https:\/\/guiadenoticias.com.ar\/diario\/wp-json\/wp\/v2\/posts\/17454\/revisions\/17456"}],"wp:featuredmedia":[{"embeddable":true,"href":"https:\/\/guiadenoticias.com.ar\/diario\/wp-json\/wp\/v2\/media\/17455"}],"wp:attachment":[{"href":"https:\/\/guiadenoticias.com.ar\/diario\/wp-json\/wp\/v2\/media?parent=17454"}],"wp:term":[{"taxonomy":"category","embeddable":true,"href":"https:\/\/guiadenoticias.com.ar\/diario\/wp-json\/wp\/v2\/categories?post=17454"},{"taxonomy":"post_tag","embeddable":true,"href":"https:\/\/guiadenoticias.com.ar\/diario\/wp-json\/wp\/v2\/tags?post=17454"}],"curies":[{"name":"wp","href":"https:\/\/api.w.org\/{rel}","templated":true}]}}