{"id":17461,"date":"2021-05-13T02:39:41","date_gmt":"2021-05-13T05:39:41","guid":{"rendered":"https:\/\/guiadenoticias.com.ar\/diario\/?p=17461"},"modified":"2021-05-14T02:50:02","modified_gmt":"2021-05-14T05:50:02","slug":"regularizacion-de-la-situacion-dominial-de-altos-de-podesta","status":"publish","type":"post","link":"https:\/\/guiadenoticias.com.ar\/diario\/regularizacion-de-la-situacion-dominial-de-altos-de-podesta\/","title":{"rendered":"Regularizaci\u00f3n de la situaci\u00f3n dominial de Altos de Podest\u00e1"},"content":{"rendered":"<p>Este jueves, varios ministros del gobierno nacional participaron en el Barrio Altos de Podest\u00e1 del acto en el que se llev\u00f3 a cabo la firma del convenio que permite la escrituraci\u00f3n de las casas. En ese sentido, formaron parte del encuentro Santiago Cafiero, jefe de Ministros de Naci\u00f3n; los ministros Agust\u00edn Rossi, Defensa; Eduardo \u201cWado\u201d de Pedro, del Interior; y Jorge Ferraresi, de Desarrollo Territorial y H\u00e1bitat, junto con la ministra de Gobierno de Buenos Aires, Teresa Garc\u00eda.<\/p>\n<p>Adem\u00e1s, estuvieron las autoridades del AABE &#8211; Agencia de Administraci\u00f3n de Bienes del Estado -, Mart\u00edn Cosentino y Juan Debandi, y el intendente de Tres de Febrero, Diego Valenzuela. En ese marco tuvo lugar la firma del convenio de regularizaci\u00f3n de deuda y situaci\u00f3n dominial que cede las tierras al municipio.<\/p>\n<p>De esta manera, los vecinos de los Altos podr\u00e1n realizar la escrituraci\u00f3n de sus casas. El convenio incluye tambi\u00e9n la creaci\u00f3n de nuevos espacios verdes, la mejora en el transporte interno y la posibilidad de invertir m\u00e1s en salud y educaci\u00f3n.<\/p>\n<p>\u201cPara m\u00ed es una enorme satisfacci\u00f3n llevar adelante la firma de este convenio que permite que cada familia del barrio pueda pensar en un ma\u00f1ana escriturando su casa\u201d, coment\u00f3 Juan Debandi, vicepresidente del AABE.<\/p>\n<p>Por otra parte, dentro del programa Procrear, dependiente del Ministerio de H\u00e1bitat y Vivienda, se otorgar\u00e1 un predio de 23.159 metros cuadrados en Mart\u00edn Coronado. Y a trav\u00e9s del Ministerio del Interior, y del desarrollo del Programa de Apoyo a la Asistencia Local en la Emergencia, financiado por FONPLATA, el Estado nacional destinar\u00e1 46.875.000 de pesos para el municipio de Tres de Febrero, de los cuales ya se transfirieron 5.700.000 pesos, para la ejecuci\u00f3n de obras de infraestructura.<\/p>\n","protected":false},"excerpt":{"rendered":"<p>Este jueves, varios ministros del gobierno nacional participaron en el Barrio Altos de Podest\u00e1 del acto en el que se llev\u00f3 a cabo la firma del convenio que permite la escrituraci\u00f3n de las casas. En ese sentido, formaron parte del encuentro Santiago Cafiero, jefe de Ministros de Naci\u00f3n; los ministros Agust\u00edn Rossi, Defensa; Eduardo \u201cWado\u201d [&hellip;]<\/p>\n","protected":false},"author":1,"featured_media":17462,"comment_status":"closed","ping_status":"open","sticky":false,"template":"","format":"standard","meta":{"footnotes":""},"categories":[20,26],"tags":[160],"class_list":{"0":"post-17461","1":"post","2":"type-post","3":"status-publish","4":"format-standard","5":"has-post-thumbnail","7":"category-municipios","8":"category-tres-de-febrero","9":"tag-juan-debandi"},"aioseo_notices":[],"_links":{"self":[{"href":"https:\/\/guiadenoticias.com.ar\/diario\/wp-json\/wp\/v2\/posts\/17461","targetHints":{"allow":["GET"]}}],"collection":[{"href":"https:\/\/guiadenoticias.com.ar\/diario\/wp-json\/wp\/v2\/posts"}],"about":[{"href":"https:\/\/guiadenoticias.com.ar\/diario\/wp-json\/wp\/v2\/types\/post"}],"author":[{"embeddable":true,"href":"https:\/\/guiadenoticias.com.ar\/diario\/wp-json\/wp\/v2\/users\/1"}],"replies":[{"embeddable":true,"href":"https:\/\/guiadenoticias.com.ar\/diario\/wp-json\/wp\/v2\/comments?post=17461"}],"version-history":[{"count":1,"href":"https:\/\/guiadenoticias.com.ar\/diario\/wp-json\/wp\/v2\/posts\/17461\/revisions"}],"predecessor-version":[{"id":17463,"href":"https:\/\/guiadenoticias.com.ar\/diario\/wp-json\/wp\/v2\/posts\/17461\/revisions\/17463"}],"wp:featuredmedia":[{"embeddable":true,"href":"https:\/\/guiadenoticias.com.ar\/diario\/wp-json\/wp\/v2\/media\/17462"}],"wp:attachment":[{"href":"https:\/\/guiadenoticias.com.ar\/diario\/wp-json\/wp\/v2\/media?parent=17461"}],"wp:term":[{"taxonomy":"category","embeddable":true,"href":"https:\/\/guiadenoticias.com.ar\/diario\/wp-json\/wp\/v2\/categories?post=17461"},{"taxonomy":"post_tag","embeddable":true,"href":"https:\/\/guiadenoticias.com.ar\/diario\/wp-json\/wp\/v2\/tags?post=17461"}],"curies":[{"name":"wp","href":"https:\/\/api.w.org\/{rel}","templated":true}]}}