{"id":17501,"date":"2021-05-15T02:10:44","date_gmt":"2021-05-15T05:10:44","guid":{"rendered":"https:\/\/guiadenoticias.com.ar\/diario\/?p=17501"},"modified":"2021-05-15T02:10:44","modified_gmt":"2021-05-15T05:10:44","slug":"el-concejo-deliberante-sf-aprobo-la-rendicion-de-cuentas-2020","status":"publish","type":"post","link":"https:\/\/guiadenoticias.com.ar\/diario\/el-concejo-deliberante-sf-aprobo-la-rendicion-de-cuentas-2020\/","title":{"rendered":"El Concejo Deliberante SF aprob\u00f3 la Rendici\u00f3n de Cuentas 2020"},"content":{"rendered":"<p>En una sesi\u00f3n especial, <strong>el Concejo Deliberante de San Fernando aprob\u00f3 por mayor\u00eda la Rendici\u00f3n de Cuentas del a\u00f1o 2020<\/strong>. El presidente del bloque oficialista, Pablo Peredo, coment\u00f3: \u201cNos toca analizar una gesti\u00f3n que antes de llevar adelante todos sus proyectos tuvo que abocarse a gestionar un estado de pandemia, algo que ven\u00eda sin experiencias previas y con un sinf\u00edn de incertidumbres, pero con la convicci\u00f3n que el objetivo ten\u00eda que ser cuidar y contener a los vecinos\u201d.<\/p>\n<p>Asimismo, repas\u00f3 que en el \u00e1rea de Salud, en el Hospital Municipal San Cayetano se cre\u00f3 una terapia intensiva exclusiva para atender casos de Covid, con 15 camas y 15 respiradores, y se ampli\u00f3 la capacidad de la terapia intermedia y camas de internaci\u00f3n, lo que demand\u00f3 una inversi\u00f3n de m\u00e1s de 300 millones de pesos.<\/p>\n<p>Adem\u00e1s, se incorporaron m\u00e1s profesionales y personal para hacer frente a las necesidades de los vecinos y se abrieron 5 Centros de Aislamiento; se colocaron cabinas sanitizantes en todas las dependencias municipales y se colabor\u00f3 con el Hospital Provincial Petrona Cordero. En ese sentido, el municipio particip\u00f3 de los operativos DetectAR.<\/p>\n<p>El a\u00f1o anterior, la Comuna asisti\u00f3 tambi\u00e9n a las familias m\u00e1s vulnerables con alimentos y art\u00edculos de sanitizaci\u00f3n e higiene, a trav\u00e9s del Servicio Alimentario Municipal.<\/p>\n<p>Con respecto a los comerciantes sanfernandinos afectados por el cese de sus actividades fueron eximidos de las tasas al 100 %, lo que represent\u00f3 m\u00e1s de 45 millones de pesos que el municipio dej\u00f3 de percibir, como as\u00ed tambi\u00e9n la suspensi\u00f3n de aumentos que estaban previstos para 2020. Adem\u00e1s, se puso a disposici\u00f3n una plataforma digital espec\u00edfica para incentivar las compras online llamada Compramos en Sanfer.<\/p>\n<p>En otro orden, desde el oficialismo destacaron que el municipio form\u00f3 parte de controles de Seguridad y Tr\u00e1nsito. Dichas acciones se coordinaron con el monitoreo de c\u00e1maras en avenidas y espacios p\u00fablicos.<\/p>\n<p>\u201cTodo esto en un marco de baja de ingresos y con un enorme esfuerzo por parte de los trabajadores municipales, quienes pese a sufrir los efectos del virus, redoblaron esfuerzos para cuidarnos a todos\u201d, agreg\u00f3 el edil.<\/p>\n<p>Sobre el debate en el recinto, Peredo concluy\u00f3: \u201cDado la falta de iniciativa de la oposici\u00f3n, que no solicit\u00f3 documentaci\u00f3n alguna, ni pidi\u00f3 informaci\u00f3n y\/o aclaraciones de ning\u00fan tipo, as\u00ed como su inusitado silencio en la discusi\u00f3n en el recinto, es que no se pudo obtener un sano intercambio sobre las miradas de ejecuci\u00f3n de pol\u00edticas p\u00fablicas tan necesarias en democracia\u201d.<\/p>\n","protected":false},"excerpt":{"rendered":"<p>En una sesi\u00f3n especial, el Concejo Deliberante de San Fernando aprob\u00f3 por mayor\u00eda la Rendici\u00f3n de Cuentas del a\u00f1o 2020. El presidente del bloque oficialista, Pablo Peredo, coment\u00f3: \u201cNos toca analizar una gesti\u00f3n que antes de llevar adelante todos sus proyectos tuvo que abocarse a gestionar un estado de pandemia, algo que ven\u00eda sin experiencias [&hellip;]<\/p>\n","protected":false},"author":1,"featured_media":17502,"comment_status":"closed","ping_status":"open","sticky":false,"template":"","format":"standard","meta":{"footnotes":""},"categories":[20,48,22],"tags":[148],"class_list":{"0":"post-17501","1":"post","2":"type-post","3":"status-publish","4":"format-standard","5":"has-post-thumbnail","7":"category-municipios","8":"category-politica-argentina","9":"category-san-fernando","10":"tag-rendicion-de-cuentas"},"aioseo_notices":[],"_links":{"self":[{"href":"https:\/\/guiadenoticias.com.ar\/diario\/wp-json\/wp\/v2\/posts\/17501","targetHints":{"allow":["GET"]}}],"collection":[{"href":"https:\/\/guiadenoticias.com.ar\/diario\/wp-json\/wp\/v2\/posts"}],"about":[{"href":"https:\/\/guiadenoticias.com.ar\/diario\/wp-json\/wp\/v2\/types\/post"}],"author":[{"embeddable":true,"href":"https:\/\/guiadenoticias.com.ar\/diario\/wp-json\/wp\/v2\/users\/1"}],"replies":[{"embeddable":true,"href":"https:\/\/guiadenoticias.com.ar\/diario\/wp-json\/wp\/v2\/comments?post=17501"}],"version-history":[{"count":1,"href":"https:\/\/guiadenoticias.com.ar\/diario\/wp-json\/wp\/v2\/posts\/17501\/revisions"}],"predecessor-version":[{"id":17503,"href":"https:\/\/guiadenoticias.com.ar\/diario\/wp-json\/wp\/v2\/posts\/17501\/revisions\/17503"}],"wp:featuredmedia":[{"embeddable":true,"href":"https:\/\/guiadenoticias.com.ar\/diario\/wp-json\/wp\/v2\/media\/17502"}],"wp:attachment":[{"href":"https:\/\/guiadenoticias.com.ar\/diario\/wp-json\/wp\/v2\/media?parent=17501"}],"wp:term":[{"taxonomy":"category","embeddable":true,"href":"https:\/\/guiadenoticias.com.ar\/diario\/wp-json\/wp\/v2\/categories?post=17501"},{"taxonomy":"post_tag","embeddable":true,"href":"https:\/\/guiadenoticias.com.ar\/diario\/wp-json\/wp\/v2\/tags?post=17501"}],"curies":[{"name":"wp","href":"https:\/\/api.w.org\/{rel}","templated":true}]}}