{"id":17504,"date":"2021-05-14T02:58:40","date_gmt":"2021-05-14T05:58:40","guid":{"rendered":"https:\/\/guiadenoticias.com.ar\/diario\/?p=17504"},"modified":"2021-05-21T01:58:26","modified_gmt":"2021-05-21T04:58:26","slug":"valenzuela-y-su-jueves-de-super-accion","status":"publish","type":"post","link":"https:\/\/guiadenoticias.com.ar\/diario\/valenzuela-y-su-jueves-de-super-accion\/","title":{"rendered":"Valenzuela y un jueves de s\u00faper acci\u00f3n"},"content":{"rendered":"<p>Por Elisa Rossi<\/p>\n<p>El \u00faltimo jueves, el i<strong>ntendente Diego Valenzuela<\/strong> tuvo una agenda m\u00e1s cargada de lo habitual. A sus recorridas por distintas intervenciones municipales se sumaron dos actividades que reunieron a funcionarios nacionales y provinciales, incluido el gobernador <strong>Axel Kicillof<\/strong>. Las fotos de la jornada volvieron a mostrar al jefe comunal de Juntos por el Cambio, rodeado por representantes del Frente de Todos, tal como ocurri\u00f3 la semana pasada con la supervisi\u00f3n de la extensi\u00f3n de las cloacas en Pablo Podest\u00e1.<\/p>\n<p>En principio, Valenzuela particip\u00f3 de la firma del convenio de regularizaci\u00f3n dominial de Altos de Podest\u00e1, hecho que permitir\u00e1 finalmente que los vecinos escrituren sus casas. El acuerdo alcanzado con el Ej\u00e9rcito Argentino, por intermedio de la Agencia de Administraci\u00f3n de Bienes del Estado (AABE), coloc\u00f3 en un lugar destacado a Juan Debandi, vicepresidente del organismo y vecino del barrio. Y candidato a intendente en 2019.<\/p>\n<p>Pero, ese anuncio tambi\u00e9n fue una vidriera para el gobierno nacional, que procura recuperar la agenda pol\u00edtica en un a\u00f1o electoral. Por tal motivo bajaron al distrito el jefe de Gabinete, Santiago Cafiero; y los ministros del Interior, Wado de Pedro; de Desarrollo Territorial y H\u00e1bitat, Jorge Ferraresi; y de Defensa, Agust\u00edn Rossi. Tambi\u00e9n estuvo la ministra de Gobierno de Buenos Aires, Teresa Garc\u00eda.<\/p>\n<p>M\u00e1s tarde, no muy lejos de los Altos, el intendente se reuni\u00f3 con su par de Hurlingham, Juan Zabaleta, y con el mandatario bonaerense, para la presentaci\u00f3n oficial de la construcci\u00f3n del nuevo camino de vinculaci\u00f3n que conectar\u00e1 la Ruta Provincial 4 con la Avenida Combate de Pav\u00f3n. La conexi\u00f3n posibilitar\u00e1 unir el Buen Ayre con la Avenida M\u00e1rquez.<\/p>\n<p>Las mejoras en la zona cubrir\u00e1n obras hidr\u00e1ulicas y refacciones en el entorno de la estaci\u00f3n ferroviaria Pablo Podest\u00e1. Hoy, las obras son una fuente de ox\u00edgeno para todas las gestiones &#8211; castigadas por la pandemia &#8211; m\u00e1s all\u00e1 de los recelos partidarios. Habr\u00e1 que ver si estos actos perduran, y en qu\u00e9 t\u00e9rminos, cuando se recalienten las campa\u00f1as electorales y est\u00e9 en juego el poder.<\/p>\n","protected":false},"excerpt":{"rendered":"<p>Por Elisa Rossi El \u00faltimo jueves, el intendente Diego Valenzuela tuvo una agenda m\u00e1s cargada de lo habitual. A sus recorridas por distintas intervenciones municipales se sumaron dos actividades que reunieron a funcionarios nacionales y provinciales, incluido el gobernador Axel Kicillof. Las fotos de la jornada volvieron a mostrar al jefe comunal de Juntos por [&hellip;]<\/p>\n","protected":false},"author":1,"featured_media":17505,"comment_status":"closed","ping_status":"open","sticky":false,"template":"","format":"standard","meta":{"footnotes":""},"categories":[70,20,48,26],"tags":[72,98],"class_list":{"0":"post-17504","1":"post","2":"type-post","3":"status-publish","4":"format-standard","5":"has-post-thumbnail","7":"category-las-mas-leidas","8":"category-municipios","9":"category-politica-argentina","10":"category-tres-de-febrero","11":"tag-diego-valenzuela","12":"tag-juntos-por-el-cambio"},"aioseo_notices":[],"_links":{"self":[{"href":"https:\/\/guiadenoticias.com.ar\/diario\/wp-json\/wp\/v2\/posts\/17504","targetHints":{"allow":["GET"]}}],"collection":[{"href":"https:\/\/guiadenoticias.com.ar\/diario\/wp-json\/wp\/v2\/posts"}],"about":[{"href":"https:\/\/guiadenoticias.com.ar\/diario\/wp-json\/wp\/v2\/types\/post"}],"author":[{"embeddable":true,"href":"https:\/\/guiadenoticias.com.ar\/diario\/wp-json\/wp\/v2\/users\/1"}],"replies":[{"embeddable":true,"href":"https:\/\/guiadenoticias.com.ar\/diario\/wp-json\/wp\/v2\/comments?post=17504"}],"version-history":[{"count":4,"href":"https:\/\/guiadenoticias.com.ar\/diario\/wp-json\/wp\/v2\/posts\/17504\/revisions"}],"predecessor-version":[{"id":17510,"href":"https:\/\/guiadenoticias.com.ar\/diario\/wp-json\/wp\/v2\/posts\/17504\/revisions\/17510"}],"wp:featuredmedia":[{"embeddable":true,"href":"https:\/\/guiadenoticias.com.ar\/diario\/wp-json\/wp\/v2\/media\/17505"}],"wp:attachment":[{"href":"https:\/\/guiadenoticias.com.ar\/diario\/wp-json\/wp\/v2\/media?parent=17504"}],"wp:term":[{"taxonomy":"category","embeddable":true,"href":"https:\/\/guiadenoticias.com.ar\/diario\/wp-json\/wp\/v2\/categories?post=17504"},{"taxonomy":"post_tag","embeddable":true,"href":"https:\/\/guiadenoticias.com.ar\/diario\/wp-json\/wp\/v2\/tags?post=17504"}],"curies":[{"name":"wp","href":"https:\/\/api.w.org\/{rel}","templated":true}]}}