{"id":17524,"date":"2021-05-18T02:47:07","date_gmt":"2021-05-18T05:47:07","guid":{"rendered":"https:\/\/guiadenoticias.com.ar\/diario\/?p=17524"},"modified":"2021-05-23T22:55:33","modified_gmt":"2021-05-24T01:55:33","slug":"vivienda-familar-de-maria-elena-walsh-sera-un-espacio-cultural","status":"publish","type":"post","link":"https:\/\/guiadenoticias.com.ar\/diario\/vivienda-familar-de-maria-elena-walsh-sera-un-espacio-cultural\/","title":{"rendered":"Vivienda familiar de Mar\u00eda Elena Walsh ser\u00e1 un espacio cultural"},"content":{"rendered":"<p>El <strong>intendente Lucas Ghi, el ministro de Cultura de la Naci\u00f3n, Trist\u00e1n Bauer, y el ministro de Producci\u00f3n, Ciencia e Innovaci\u00f3n Tecnol\u00f3gica de Provincia, Augusto Costa<\/strong>, participaron de un acto en el cual destacaron que el Estado recuper\u00f3 la casa de la artista Mar\u00eda Elena Walsh. La intenci\u00f3n es convertirla en un espacio cultural destinado a toda la comunidad. Adem\u00e1s, se reunieron de manera virtual con 408 trabajadores y trabajadoras de la cultura de Mor\u00f3n que participan del programa Cultura Solidaria.<\/p>\n<p>Al finalizar la recorrida por el lugar, el jefe comunal expres\u00f3 que \u201cnos propusimos con ambos ministros incorporar esta casa al patrimonio p\u00fablico. A partir de la decisi\u00f3n pol\u00edtica y la sensibilidad que lo distingue a Trist\u00e1n, logramos consumar ese objetivo y esta casa hoy forma parte del patrimonio p\u00fablico, que ver\u00e1 una vez m\u00e1s la obra de la gran artista Mar\u00eda Elena Walsh y que atraviesa tantas generaciones de ni\u00f1os y ni\u00f1as que nos hemos educado y formado al calor de su creatividad, de su talento, de su m\u00fasica, y queremos mantenerlo muy vigente\u201d.<\/p>\n<p>Y agreg\u00f3: \u201cEstamos muy contentos de que hoy, en este espacio, nazca un proyecto que esperamos se concrete en el trascurso de los pr\u00f3ximos meses. Estamos seguros de que ser\u00e1 motivo de enorme alegr\u00eda, no s\u00f3lo para los vecinos y vecinas de Mor\u00f3n, sino para toda la regi\u00f3n\u201d.<\/p>\n<p>Por su parte, el ministro de Cultura afirm\u00f3 que \u201cestamos muy contentos y orgullosos con esta adquisici\u00f3n que nos permitir\u00e1 darle a la casa, donde vivi\u00f3 una de las figuras m\u00e1s importantes de nuestra cultura, el valor que se merece y convertirla en un espacio abierto a toda la comunidad. Ac\u00e1 seguramente vamos a recrear los maravillosos universos de Mar\u00eda Elena, tan \u00fanicos e irrepetibles. Asumimos el compromiso de trabajar en forma conjunta con Augusto Costa y Lucas Ghi para construir otro espacio donde encontrarse con Mar\u00eda Elena Walsh\u201d.<\/p>\n<p>La vivienda, que alberg\u00f3 a la familia de una de las m\u00e1ximas referentas de la cultura de nuestro pa\u00eds, estaba en manos de personas que la hab\u00edan comprado hace ya muchos a\u00f1os y se encontraba deshabitada. De este modo, el intendente y el ministro nacional se pusieron en campa\u00f1a para su adquisici\u00f3n, mediante un convenio.<\/p>\n<p>Esta acci\u00f3n tiene como objetivo principal convertir la propiedad en un espacio cultural abierto a los vecinos y vecinas para que puedan conocer el lugar a trav\u00e9s de la evocaci\u00f3n de su figura y de la difusi\u00f3n de sus obras. Para eso, la Fundaci\u00f3n Mar\u00eda E. Walsh enriquecer\u00e1 el proyecto con buena parte del bagaje que disponen de diferentes expresiones art\u00edsticas de la cantautora, escritora, poeta y compositora.<\/p>\n<p>A su vez, el ministro provincial de Producci\u00f3n, Ciencia e Innovaci\u00f3n Tecnol\u00f3gica se\u00f1al\u00f3 que \u201cla recuperaci\u00f3n y la puesta en valor del patrimonio cultural bonaerense es una pol\u00edtica de Estado\u201d. Y destac\u00f3 que la adquisici\u00f3n p\u00fablica de la vivienda de la infancia de Walsh apunta a \u201cconvertir un edificio de gran peso simb\u00f3lico e hist\u00f3rico, en un espacio activo de integraci\u00f3n, producci\u00f3n cultural y fortalecimiento de las identidades bonaerenses\u201d.<\/p>\n<p>Luego de la recorrida por la propiedad, los funcionarios se reunieron virtualmente con los 408 beneficiarios y beneficiarias del programa Cultura Solidaria, pertenecientes a Mor\u00f3n. Este plan consiste en una asistencia econ\u00f3mica extraordinaria con el fin de acompa\u00f1ar a uno de los sectores m\u00e1s afectados por la pandemia del Covid-19.<\/p>\n<p>Este programa, que cuenta con una inversi\u00f3n de 12.240.000 millones por parte del Ministerio de Cultura de la Naci\u00f3n, est\u00e1 destinado a los trabajadores y trabajadoras de esta \u00e1rea, mediante dos cuotas de 15 mil cada una, para reducir el impacto que tuvieron las consecuencias de la emergencia sanitaria que derivaron en el cierre de sus actividades durante varios meses.<\/p>\n","protected":false},"excerpt":{"rendered":"<p>El intendente Lucas Ghi, el ministro de Cultura de la Naci\u00f3n, Trist\u00e1n Bauer, y el ministro de Producci\u00f3n, Ciencia e Innovaci\u00f3n Tecnol\u00f3gica de Provincia, Augusto Costa, participaron de un acto en el cual destacaron que el Estado recuper\u00f3 la casa de la artista Mar\u00eda Elena Walsh. La intenci\u00f3n es convertirla en un espacio cultural destinado [&hellip;]<\/p>\n","protected":false},"author":1,"featured_media":17525,"comment_status":"closed","ping_status":"open","sticky":false,"template":"","format":"standard","meta":{"footnotes":""},"categories":[50,70,28,20],"tags":[73],"class_list":{"0":"post-17524","1":"post","2":"type-post","3":"status-publish","4":"format-standard","5":"has-post-thumbnail","7":"category-cultura","8":"category-las-mas-leidas","9":"category-moron","10":"category-municipios","11":"tag-lucas-ghi"},"aioseo_notices":[],"_links":{"self":[{"href":"https:\/\/guiadenoticias.com.ar\/diario\/wp-json\/wp\/v2\/posts\/17524","targetHints":{"allow":["GET"]}}],"collection":[{"href":"https:\/\/guiadenoticias.com.ar\/diario\/wp-json\/wp\/v2\/posts"}],"about":[{"href":"https:\/\/guiadenoticias.com.ar\/diario\/wp-json\/wp\/v2\/types\/post"}],"author":[{"embeddable":true,"href":"https:\/\/guiadenoticias.com.ar\/diario\/wp-json\/wp\/v2\/users\/1"}],"replies":[{"embeddable":true,"href":"https:\/\/guiadenoticias.com.ar\/diario\/wp-json\/wp\/v2\/comments?post=17524"}],"version-history":[{"count":2,"href":"https:\/\/guiadenoticias.com.ar\/diario\/wp-json\/wp\/v2\/posts\/17524\/revisions"}],"predecessor-version":[{"id":17527,"href":"https:\/\/guiadenoticias.com.ar\/diario\/wp-json\/wp\/v2\/posts\/17524\/revisions\/17527"}],"wp:featuredmedia":[{"embeddable":true,"href":"https:\/\/guiadenoticias.com.ar\/diario\/wp-json\/wp\/v2\/media\/17525"}],"wp:attachment":[{"href":"https:\/\/guiadenoticias.com.ar\/diario\/wp-json\/wp\/v2\/media?parent=17524"}],"wp:term":[{"taxonomy":"category","embeddable":true,"href":"https:\/\/guiadenoticias.com.ar\/diario\/wp-json\/wp\/v2\/categories?post=17524"},{"taxonomy":"post_tag","embeddable":true,"href":"https:\/\/guiadenoticias.com.ar\/diario\/wp-json\/wp\/v2\/tags?post=17524"}],"curies":[{"name":"wp","href":"https:\/\/api.w.org\/{rel}","templated":true}]}}