{"id":17532,"date":"2021-05-19T03:05:42","date_gmt":"2021-05-19T06:05:42","guid":{"rendered":"https:\/\/guiadenoticias.com.ar\/diario\/?p=17532"},"modified":"2021-05-24T22:09:21","modified_gmt":"2021-05-25T01:09:21","slug":"octavio-arguello-veo-que-el-gobierno-hace-lo-que-puede","status":"publish","type":"post","link":"https:\/\/guiadenoticias.com.ar\/diario\/octavio-arguello-veo-que-el-gobierno-hace-lo-que-puede\/","title":{"rendered":"Octavio Arg\u00fcello: \u201cVeo que el Gobierno hace lo que puede\u201d"},"content":{"rendered":"<p>El secretario General en San Mart\u00edn y Tres de Febrero del gremio de Camioneros, Octavio Arg\u00fcello, divide su tiempo entre la tarea sindical y la militancia partidaria en el peronismo. Desde el a\u00f1o pasado, con una din\u00e1mica de trabajo diferente a causa del Covid 19.<\/p>\n<p>De hecho, el viernes \u00faltimo falleci\u00f3 un ch\u00f3fer de 33 a\u00f1os de Santa Elena, la empresa de recolecci\u00f3n de residuos de Tres de Febrero. M\u00e1s all\u00e1 de la posici\u00f3n de la conducci\u00f3n gremial de hacer luto pero sostener el servicio, hubo una interrupci\u00f3n el domingo debido a una \u201cdecisi\u00f3n inorg\u00e1nica\u201d de un grupo de trabajadores.<\/p>\n<p>En di\u00e1logo con Gu\u00eda de Noticias, Arg\u00fcello se\u00f1al\u00f3 que piden hace rato vacunas, ya que es una actividad esencial. Adem\u00e1s, solicitan la vacunaci\u00f3n antigripal y de neumon\u00eda, tema con el cual esperan novedades a la brevedad.<\/p>\n<p>En otro orden, ante un combo que incluye pandemia, crisis econ\u00f3mica \u2013 social y elecciones, analiz\u00f3, \u201ces una situaci\u00f3n compleja. Es preocupante no s\u00f3lo por lo que nos pasa, sino a futuro\u201d, y agreg\u00f3, \u201ceste gobierno agarr\u00f3 un pa\u00eds que ven\u00eda complicado, endeudado; el macrismo pas\u00f3 el Ministerio de Salud a secretar\u00eda. No hizo hospitales y ech\u00f3 m\u00e9dicos\u201d.<\/p>\n<p>De todos modos, el dirigente gremial se mostr\u00f3 cr\u00edtico, \u201cal oficialismo le toca a poco de asumir una pandemia. El a\u00f1o pasado cuando dijo que privilegiaba la salud antes que la econom\u00eda, me parece que fue un error. Es todo. Tambi\u00e9n quiz\u00e1 se estir\u00f3 mucho la cuarentena\u201d.<\/p>\n<p>Seg\u00fan su mirada, hoy \u201cel Gobierno hace lo que puede\u201d, y en materia econ\u00f3mica \u2013 productiva, \u201ca fin de a\u00f1o, algunos sectores tuvieron un rebote, pero hay otras actividades que est\u00e1n en la lona, como gastron\u00f3micos, comercio, textiles\u201d.<\/p>\n<p>En medio del debate de c\u00f3mo siguen las restricciones a la circulaci\u00f3n, estim\u00f3: \u201cNo estoy de acuerdo con que cierre todo, hay que regular, porque no se aguantar\u00eda. Yo que pertenezco al movimiento obrero, soy de un gremio e integro la CGT regional, hago la lectura general. Hay sectores que si cerr\u00e1s, autom\u00e1ticamente desaparecen\u201d.<\/p>\n<p>En particular, Camioneros arranca en junio la paritaria. \u201cVamos a pedir lo que consideremos que puede mantener la estabilidad o el poder adquisitivo de nuestros trabajadores. Tenemos que discutir un salario que no nos deje atr\u00e1s de la inflaci\u00f3n. Capaz firmamos algo y a fin de a\u00f1o pedimos un bono\u201d, cont\u00f3.<\/p>\n<p><em>PERONISTA DE PER\u00d3N<\/em><\/p>\n<p>A la hora de hablar sobre expectativas versus realidad respecto al gobierno del Frente de Todos, Octavio Arg\u00fcello repite ante este portal, \u201ctermin\u00f3 siendo el frente de unos pocos. Pens\u00e9 que iba a ser una coalici\u00f3n pol\u00edtica. No me siento afuera, pero tampoco soy part\u00edcipe de la mesa de discusi\u00f3n. All\u00ed est\u00e1n el kirchnerismo, La C\u00e1mpora, el massismo y Alberto\u201d.<\/p>\n<p>Un cap\u00edtulo aparte es el devenir del peronismo bonaerense: \u201cLa forma en como quieren hacer el cambio se equivocan. Si yo critico lo de antes no tengo que ser ni parecer igual. Y lo que hacen La C\u00e1mpora y esos sectores se parece a lo que criticaban. No se llama a una elecci\u00f3n interna, los afiliados siguen sin tener una participaci\u00f3n, se cocina entre gallos y medianoche. Eso produjo que el PJ terminara como dijo mi jefe (Hugo Moyano) en 2011, como una c\u00e1scara vac\u00eda\u201d.<\/p>\n<p>Sobre M\u00e1ximo Kirchner remarc\u00f3 que \u201cel acompa\u00f1amiento total no lo tiene, hay sectores que no est\u00e1n conformes. Quien lo impulso fue Insaurralde, con la idea que permitan una reelecci\u00f3n m\u00e1s a los intendentes. Hasta ahora, esa ley est\u00e1 firme y M\u00e1ximo no es presidente del PJ\u201d.<\/p>\n<p>Consultado acerca de la situaci\u00f3n local, indic\u00f3 que \u201cno hay clima en estas circunstancias. Mientras discutimos esto tenemos pandemia, una crisis econ\u00f3mica feroz. No debemos gastar toda la energ\u00eda en una interna\u201d. En estos momentos existe una mesa de di\u00e1logo en la cual participan adem\u00e1s de Arg\u00fcello, Juan Debandi, Gustavo Torres, Lis D\u00edaz, \u201cestamos los compa\u00f1eros que tenemos representatividad electoral. Los votos se cuentan\u201d.<\/p>\n<p>Y a\u00f1adi\u00f3, \u201ccomo dije en 2019, hay que trabajar por la unidad. La unidad no es solamente sacarse una foto y sentarse a tomar caf\u00e9. Tiene que ser con una profunda discusi\u00f3n sobre el proyecto. Yo estoy para hacer algo que cambie la realidad en Tres de Febrero. Quiero ganarle a Valenzuela porque tengo un proyecto mejor, superador\u201d.<\/p>\n<p>\u201cCreo que no estamos prestando atenci\u00f3n en lo que piden los ciudadanos. Nos enfrascamos en la discusi\u00f3n de nuestro microclima y no es la realidad\u201d, concluy\u00f3.<\/p>\n","protected":false},"excerpt":{"rendered":"<p>El secretario General en San Mart\u00edn y Tres de Febrero del gremio de Camioneros, Octavio Arg\u00fcello, divide su tiempo entre la tarea sindical y la militancia partidaria en el peronismo. Desde el a\u00f1o pasado, con una din\u00e1mica de trabajo diferente a causa del Covid 19. De hecho, el viernes \u00faltimo falleci\u00f3 un ch\u00f3fer de 33 [&hellip;]<\/p>\n","protected":false},"author":1,"featured_media":17533,"comment_status":"closed","ping_status":"open","sticky":false,"template":"","format":"standard","meta":{"footnotes":""},"categories":[49,70,20,48,26],"tags":[138],"class_list":{"0":"post-17532","1":"post","2":"type-post","3":"status-publish","4":"format-standard","5":"has-post-thumbnail","7":"category-economia-y-gremiales","8":"category-las-mas-leidas","9":"category-municipios","10":"category-politica-argentina","11":"category-tres-de-febrero","12":"tag-pj"},"aioseo_notices":[],"_links":{"self":[{"href":"https:\/\/guiadenoticias.com.ar\/diario\/wp-json\/wp\/v2\/posts\/17532","targetHints":{"allow":["GET"]}}],"collection":[{"href":"https:\/\/guiadenoticias.com.ar\/diario\/wp-json\/wp\/v2\/posts"}],"about":[{"href":"https:\/\/guiadenoticias.com.ar\/diario\/wp-json\/wp\/v2\/types\/post"}],"author":[{"embeddable":true,"href":"https:\/\/guiadenoticias.com.ar\/diario\/wp-json\/wp\/v2\/users\/1"}],"replies":[{"embeddable":true,"href":"https:\/\/guiadenoticias.com.ar\/diario\/wp-json\/wp\/v2\/comments?post=17532"}],"version-history":[{"count":1,"href":"https:\/\/guiadenoticias.com.ar\/diario\/wp-json\/wp\/v2\/posts\/17532\/revisions"}],"predecessor-version":[{"id":17534,"href":"https:\/\/guiadenoticias.com.ar\/diario\/wp-json\/wp\/v2\/posts\/17532\/revisions\/17534"}],"wp:featuredmedia":[{"embeddable":true,"href":"https:\/\/guiadenoticias.com.ar\/diario\/wp-json\/wp\/v2\/media\/17533"}],"wp:attachment":[{"href":"https:\/\/guiadenoticias.com.ar\/diario\/wp-json\/wp\/v2\/media?parent=17532"}],"wp:term":[{"taxonomy":"category","embeddable":true,"href":"https:\/\/guiadenoticias.com.ar\/diario\/wp-json\/wp\/v2\/categories?post=17532"},{"taxonomy":"post_tag","embeddable":true,"href":"https:\/\/guiadenoticias.com.ar\/diario\/wp-json\/wp\/v2\/tags?post=17532"}],"curies":[{"name":"wp","href":"https:\/\/api.w.org\/{rel}","templated":true}]}}