{"id":17623,"date":"2021-05-30T20:53:26","date_gmt":"2021-05-30T23:53:26","guid":{"rendered":"https:\/\/guiadenoticias.com.ar\/diario\/?p=17623"},"modified":"2021-06-03T01:14:59","modified_gmt":"2021-06-03T04:14:59","slug":"que-paso-para-entender-que-nos-pasa","status":"publish","type":"post","link":"https:\/\/guiadenoticias.com.ar\/diario\/que-paso-para-entender-que-nos-pasa\/","title":{"rendered":"Qu\u00e9 pas\u00f3 para entender qu\u00e9 nos pasa"},"content":{"rendered":"<p>Hoy tengo la oportunidad de movilizar algo dentro de vos, pero no va a ser f\u00e1cil, vivimos tiempos dif\u00edciles y estamos rodeados de muchos seres insensibles.<\/p>\n<p>Por suerte est\u00e1s vos, \u00bfqui\u00e9n sos? Alguien que forma parte de un colectivo en el cual estamos dispuestos a dar y siempre esperamos que surja algo mejor. Repito, no va a ser f\u00e1cil.<\/p>\n<p>En este espacio intentar\u00e9 aportar informaci\u00f3n que nos sirva para reflexionar acerca de nuestras decisiones ciudadanas y sociales. \u00bfQu\u00e9 clase de aporte? Informaci\u00f3n y an\u00e1lisis para descubrir porqu\u00e9 estamos as\u00ed como sociedad y, lo m\u00e1s importante, identificar los indicadores para surgir, evolucionar y mejorar la calidad de vida de todos los argentinos.<\/p>\n<p>Hoy no pasa desapercibido la falta de conocimiento, experiencia, criterio, capacidad para observar la realidad de las personas; estas son algunas de las aptitudes y actitudes que tenemos que aplicar para mejorar como sociedad, y creo que es la \u00fanica forma.<\/p>\n<p>Quiero comenzar por reconocer a un pensador, de quien uno de los barrios de nuestro querido Tres de Febrero lleva su nombre, Jos\u00e9 Ingenieros. En las primeras l\u00edneas de su libro \u201cEl hombre mediocre, la emoci\u00f3n del ideal\u201d, expresa la antesala del contenido escrito cerca del 1900. \u00c9l y muchos otros pensadores seguro no podr\u00edan creer la realidad que estamos viviendo.<\/p>\n<p>Parece que como visionario pod\u00eda observar hacia d\u00f3nde iba nuestra sociedad. Un mensaje de aliento para todos lo que sienten dentro esa llama para aportar, o creen que todav\u00eda no est\u00e1 todo perdido.<\/p>\n<p>\u201cCuando pon\u00e9s la proa visionaria hacia una estrella y tiendes el ala hacia tal excelsitud inasible, afanoso de perfecci\u00f3n y rebelde a la mediocridad, llevas en ti sentir el resorte misterioso de un ideal. Es ascua sagrada, capaz de templarte para grandes acciones\u201d. Y termina con algo muy relevante, \u201ccust\u00f3diala, si la dejas apagar no se reenciende jam\u00e1s\u201d.<\/p>\n<p>Para los que no van a googlear, una s\u00edntesis de qui\u00e9n fue y qu\u00e9 hizo en su vida, \u00abJos\u00e9 Ingenieros fue un m\u00e9dico, psiquiatra, psic\u00f3logo, crimin\u00f3logo, farmac\u00e9utico, soci\u00f3logo, fil\u00f3sofo, te\u00f3sofo escritor y docente \u00edtaloargentino. Su libro \u201cEvoluci\u00f3n de las ideas argentinas\u201d marc\u00f3 rumbos en el entendimiento del descarrilamiento hist\u00f3rico de Argentina como naci\u00f3n\u00bb. Con educaci\u00f3n y compartiendo conocimiento, alg\u00fan d\u00eda estaremos mejor.<\/p>\n<p>Comparto la visi\u00f3n respecto del pensamiento de Jos\u00e9 Ingenieros en manos de la fil\u00f3sofa Mar\u00eda Luisa Rubinelli, que expres\u00f3 lo siguiente hace unas d\u00e9cadas: \u201cLos ideales \u00e9ticos son hip\u00f3tesis acerca de posibles perfecciones morales futuras\u201d. \u201cLa nueva \u00e9tica que deber\u00e1 gestarse no incluir\u00e1 contenidos dogm\u00e1ticos, estudiar\u00e1 la moralidad en evoluci\u00f3n en el transcurso de la vida de la humanidad. Una moral as\u00ed concebida reunir\u00e1 las siguientes caracter\u00edsticas: naturalidad (espontaneidad) autonom\u00eda, perfectibilidad (en continua modificaci\u00f3n), soberan\u00eda (depende del individuo como sujeto de obligaciones morales para con la sociedad)\u201d.<\/p>\n<p>Entiendo la comunicaci\u00f3n como disciplina responsable, sabiendo que es formadora de opini\u00f3n p\u00fablica. Seg\u00fan en qu\u00e9 manos se encuentre, los buenos son malos y los malos pueden parecer muy buenos; por ello objetividad para informar y formar.<\/p>\n<p><strong>@edunobreleite<\/strong><\/p>\n","protected":false},"excerpt":{"rendered":"<p>Hoy tengo la oportunidad de movilizar algo dentro de vos, pero no va a ser f\u00e1cil, vivimos tiempos dif\u00edciles y estamos rodeados de muchos seres insensibles. Por suerte est\u00e1s vos, \u00bfqui\u00e9n sos? Alguien que forma parte de un colectivo en el cual estamos dispuestos a dar y siempre esperamos que surja algo mejor. Repito, no [&hellip;]<\/p>\n","protected":false},"author":1,"featured_media":17628,"comment_status":"closed","ping_status":"open","sticky":false,"template":"","format":"standard","meta":{"footnotes":""},"categories":[70,2],"tags":[],"class_list":{"0":"post-17623","1":"post","2":"type-post","3":"status-publish","4":"format-standard","5":"has-post-thumbnail","7":"category-las-mas-leidas","8":"category-opinion"},"aioseo_notices":[],"_links":{"self":[{"href":"https:\/\/guiadenoticias.com.ar\/diario\/wp-json\/wp\/v2\/posts\/17623","targetHints":{"allow":["GET"]}}],"collection":[{"href":"https:\/\/guiadenoticias.com.ar\/diario\/wp-json\/wp\/v2\/posts"}],"about":[{"href":"https:\/\/guiadenoticias.com.ar\/diario\/wp-json\/wp\/v2\/types\/post"}],"author":[{"embeddable":true,"href":"https:\/\/guiadenoticias.com.ar\/diario\/wp-json\/wp\/v2\/users\/1"}],"replies":[{"embeddable":true,"href":"https:\/\/guiadenoticias.com.ar\/diario\/wp-json\/wp\/v2\/comments?post=17623"}],"version-history":[{"count":2,"href":"https:\/\/guiadenoticias.com.ar\/diario\/wp-json\/wp\/v2\/posts\/17623\/revisions"}],"predecessor-version":[{"id":17627,"href":"https:\/\/guiadenoticias.com.ar\/diario\/wp-json\/wp\/v2\/posts\/17623\/revisions\/17627"}],"wp:featuredmedia":[{"embeddable":true,"href":"https:\/\/guiadenoticias.com.ar\/diario\/wp-json\/wp\/v2\/media\/17628"}],"wp:attachment":[{"href":"https:\/\/guiadenoticias.com.ar\/diario\/wp-json\/wp\/v2\/media?parent=17623"}],"wp:term":[{"taxonomy":"category","embeddable":true,"href":"https:\/\/guiadenoticias.com.ar\/diario\/wp-json\/wp\/v2\/categories?post=17623"},{"taxonomy":"post_tag","embeddable":true,"href":"https:\/\/guiadenoticias.com.ar\/diario\/wp-json\/wp\/v2\/tags?post=17623"}],"curies":[{"name":"wp","href":"https:\/\/api.w.org\/{rel}","templated":true}]}}