{"id":17706,"date":"2021-06-09T01:59:55","date_gmt":"2021-06-09T04:59:55","guid":{"rendered":"https:\/\/guiadenoticias.com.ar\/diario\/?p=17706"},"modified":"2021-06-10T02:10:20","modified_gmt":"2021-06-10T05:10:20","slug":"juntos-por-el-cambio-enfria-enfrentamientos-internos","status":"publish","type":"post","link":"https:\/\/guiadenoticias.com.ar\/diario\/juntos-por-el-cambio-enfria-enfrentamientos-internos\/","title":{"rendered":"Juntos por el Cambio encarrila enfrentamientos internos"},"content":{"rendered":"<p>Tras una semana cargada de tensi\u00f3n por el armado de las listas en Provincia y en la Ciudad de Buenos Aires, referentes de Juntos por el Cambio acordaron delinear una estrategia com\u00fan y establecieron \u201clas reglas de juego\u201d a nivel nacional, para dirimir las candidaturas y aplacar los conflictos internos.<\/p>\n<p>A menos de dos meses del cierre de listas, las autoridades del PRO, la UCR y la CC se reunieron el martes. en el Galp\u00f3n Milagros, en Palermo, y trazaron una hoja de ruta con el objetivo de alinear la tropa en todos el pa\u00eds.<\/p>\n<p>El gran ausente fue Mauricio Macri, quien argument\u00f3 que ten\u00eda un compromiso personal. En representaci\u00f3n de PRO asistieron Horacio Rodr\u00edguez Larreta, Mar\u00eda Eugenia Vidal, Patricia Bullrich y Humberto Schiavoni. Los emisarios de la UCR fueron Alfredo Cornejo, Mario Negri, Luis Naidenoff y Mart\u00edn Lousteau. Por parte de la fuerza de la CC estuvieron Maximiliano Ferraro y Juan Manuel L\u00f3pez. Tambi\u00e9n particip\u00f3 Miguel \u00c1ngel Pichetto, uno de los referentes de Peronismo Republicano.<\/p>\n<p>Los presentes coincidieron en que buscar\u00e1n ampliar a Juntos por el Cambio. La intenci\u00f3n es ensanchar la \u201cbase de representaci\u00f3n\u201d del espacio para enfrentar al kirchnerismo en las urnas. Todos coincidieron en que las legislativas ser\u00e1n una batalla clave con el oficialismo por el control del Congreso y que la oposici\u00f3n necesita sumar adhesiones a su oferta para tener una propuesta m\u00e1s competitiva. En segundo lugar, acordaron que en aquellas provincias que no se logre un consenso por las listas, los postulantes se definir\u00e1n a trav\u00e9s de las PASO.<\/p>\n<p>En el plano operativo, avanzar\u00e1n con el armado de un equipo, que tendr\u00e1 dos representantes de cada partido, que realizar\u00e1 un relevamiento nacional de la actualidad de la alianza en cada provincia. Adem\u00e1s, recopilar\u00e1n datos de la situaci\u00f3n econ\u00f3mica y social. Ese informe ser\u00e1 evaluado por la mesa nacional de la fuerza. Asimismo, dise\u00f1ar\u00e1n una estrategia de comunicaci\u00f3n para \u201casistir\u201d a todos los distritos. A su vez, por sugerencia del jefe de Gobierno porte\u00f1o comenzar\u00e1n a evaluar la posibilidad de cambiar el nombre del espacio.<\/p>\n<p>Con el fin de ampliar la fuerza, se habl\u00f3 de la posibilidad de sugerir a los distritos en los que no haya acuerdo por las n\u00f3minas que establezcan el sistema D\u00b4Hont con un piso bajo para las primarias, como pide Emilio Monz\u00f3 en Buenos Aires. Pero esa decisi\u00f3n quedar\u00e1 en manos de la mesa de la coalici\u00f3n en cada provincia.<\/p>\n<p>Todos pudieron exponer sus posturas. Seg\u00fan relataron varios de los presentes, la reuni\u00f3n se desarroll\u00f3 bajo un \u201cbuen clima\u201d, a pesar de los fuertes cruces que se dieron en el coraz\u00f3n de PRO por la eventual mudanza electoral de Vidal a la Capital. Y de Diego Santilli a la inversa.<\/p>\n","protected":false},"excerpt":{"rendered":"<p>Tras una semana cargada de tensi\u00f3n por el armado de las listas en Provincia y en la Ciudad de Buenos Aires, referentes de Juntos por el Cambio acordaron delinear una estrategia com\u00fan y establecieron \u201clas reglas de juego\u201d a nivel nacional, para dirimir las candidaturas y aplacar los conflictos internos. A menos de dos meses [&hellip;]<\/p>\n","protected":false},"author":1,"featured_media":17707,"comment_status":"closed","ping_status":"open","sticky":false,"template":"","format":"standard","meta":{"footnotes":""},"categories":[30,48,31],"tags":[95,98,100,133],"class_list":{"0":"post-17706","1":"post","2":"type-post","3":"status-publish","4":"format-standard","5":"has-post-thumbnail","7":"category-nacion","8":"category-politica-argentina","9":"category-provincia","10":"tag-horacio-rodriguez-larreta","11":"tag-juntos-por-el-cambio","12":"tag-maria-eugenia-vidal","13":"tag-mauricio-macri"},"aioseo_notices":[],"_links":{"self":[{"href":"https:\/\/guiadenoticias.com.ar\/diario\/wp-json\/wp\/v2\/posts\/17706","targetHints":{"allow":["GET"]}}],"collection":[{"href":"https:\/\/guiadenoticias.com.ar\/diario\/wp-json\/wp\/v2\/posts"}],"about":[{"href":"https:\/\/guiadenoticias.com.ar\/diario\/wp-json\/wp\/v2\/types\/post"}],"author":[{"embeddable":true,"href":"https:\/\/guiadenoticias.com.ar\/diario\/wp-json\/wp\/v2\/users\/1"}],"replies":[{"embeddable":true,"href":"https:\/\/guiadenoticias.com.ar\/diario\/wp-json\/wp\/v2\/comments?post=17706"}],"version-history":[{"count":2,"href":"https:\/\/guiadenoticias.com.ar\/diario\/wp-json\/wp\/v2\/posts\/17706\/revisions"}],"predecessor-version":[{"id":17711,"href":"https:\/\/guiadenoticias.com.ar\/diario\/wp-json\/wp\/v2\/posts\/17706\/revisions\/17711"}],"wp:featuredmedia":[{"embeddable":true,"href":"https:\/\/guiadenoticias.com.ar\/diario\/wp-json\/wp\/v2\/media\/17707"}],"wp:attachment":[{"href":"https:\/\/guiadenoticias.com.ar\/diario\/wp-json\/wp\/v2\/media?parent=17706"}],"wp:term":[{"taxonomy":"category","embeddable":true,"href":"https:\/\/guiadenoticias.com.ar\/diario\/wp-json\/wp\/v2\/categories?post=17706"},{"taxonomy":"post_tag","embeddable":true,"href":"https:\/\/guiadenoticias.com.ar\/diario\/wp-json\/wp\/v2\/tags?post=17706"}],"curies":[{"name":"wp","href":"https:\/\/api.w.org\/{rel}","templated":true}]}}