{"id":17713,"date":"2021-06-11T02:47:37","date_gmt":"2021-06-11T05:47:37","guid":{"rendered":"https:\/\/guiadenoticias.com.ar\/diario\/?p=17713"},"modified":"2021-06-11T02:52:15","modified_gmt":"2021-06-11T05:52:15","slug":"la-provincia-lanzo-el-mapa-interactivo-vial","status":"publish","type":"post","link":"https:\/\/guiadenoticias.com.ar\/diario\/la-provincia-lanzo-el-mapa-interactivo-vial\/","title":{"rendered":"La Provincia lanz\u00f3 el Mapa Interactivo Vial"},"content":{"rendered":"<p>En el marco del D\u00eda Mundial de la Seguridad Vial, la Subsecretar\u00eda de Transporte de Buenos Aires lanz\u00f3 un Mapa Interactivo Vial con estad\u00edsticas sobre la accidentolog\u00eda en rutas, caminos y calles del territorio bonaerense.<\/p>\n<p>Esta herramienta virtual permite la visualizaci\u00f3n, entre otros \u00edtems, de datos sobre siniestros viales con v\u00edctimas fatales de los \u00faltimos tres a\u00f1os, centros emisores de licencias de conducir, juzgados administrativos de faltas y radares fijos en las rutas del Corredor Atl\u00e1ntico.<\/p>\n<p>Fue presentado por el subsecretario de Transporte, Alejo Supply, en una reuni\u00f3n online denominada \u201cEncuentro por la seguridad vial en la provincia de Buenos Aires\u201d. Estuvieron presentes m\u00e1s de 100 representantes del sector p\u00fablico, la sociedad civil, intendentes y ONG de familiares de v\u00edctimas de tr\u00e1nsito.<\/p>\n<p>\u201cEste mapa nos permite distinguir las zonas calientes, en t\u00e9rminos de siniestralidad, y actuar en consecuencia de manera articulada. La soluci\u00f3n es trabajar entre todos los actores presentes y la sociedad, generando un v\u00ednculo directo o indirecto con la seguridad vial\u201d, manifest\u00f3 Supply al momento de dar comienzo a la jornada.<\/p>\n<p>Cont\u00f3 que en su gesti\u00f3n \u201cdotamos de recursos a cada uno de los agentes, incorporaremos 20 veh\u00edculos m\u00e1s a los 40 ya recuperado, y pr\u00f3ximamente entregaremos 3 millones de libros, a los alumnos de las escuelas, porque creemos que la educaci\u00f3n vial es el camino\u201d.<\/p>\n<p>A su vez, anunci\u00f3 que \u201cla Provincia trabaja en un proyecto de ley que pene a quienes realicen carreras ilegales en las calles y rutas\u201d. \u201cLas picadas no tienen momento ni lugar predeterminado, por ende tenemos que penar con todo el peso de la ley a aquellos que realizan este tipo de pr\u00e1cticas, que tantas vidas inocentes ha costado\u201d, sentenci\u00f3 el titular de Transporte.<\/p>\n<p>Pr\u00f3ximamente, tendr\u00e1 lugar un encuentro provincial en el cual estar\u00e1n convocados los 135 municipios, familiares de v\u00edctimas, ONG y organismos de distintas dependencias para pensar acciones y unificar criterios que permitan lograr el objetivo de un cambio cultural que se traduzca en buenas conductas en la v\u00eda p\u00fablica y as\u00ed reducir la siniestralidad.<\/p>\n","protected":false},"excerpt":{"rendered":"<p>En el marco del D\u00eda Mundial de la Seguridad Vial, la Subsecretar\u00eda de Transporte de Buenos Aires lanz\u00f3 un Mapa Interactivo Vial con estad\u00edsticas sobre la accidentolog\u00eda en rutas, caminos y calles del territorio bonaerense. Esta herramienta virtual permite la visualizaci\u00f3n, entre otros \u00edtems, de datos sobre siniestros viales con v\u00edctimas fatales de los \u00faltimos [&hellip;]<\/p>\n","protected":false},"author":1,"featured_media":17717,"comment_status":"closed","ping_status":"open","sticky":false,"template":"","format":"standard","meta":{"footnotes":""},"categories":[31],"tags":[],"class_list":{"0":"post-17713","1":"post","2":"type-post","3":"status-publish","4":"format-standard","5":"has-post-thumbnail","7":"category-provincia"},"aioseo_notices":[],"_links":{"self":[{"href":"https:\/\/guiadenoticias.com.ar\/diario\/wp-json\/wp\/v2\/posts\/17713","targetHints":{"allow":["GET"]}}],"collection":[{"href":"https:\/\/guiadenoticias.com.ar\/diario\/wp-json\/wp\/v2\/posts"}],"about":[{"href":"https:\/\/guiadenoticias.com.ar\/diario\/wp-json\/wp\/v2\/types\/post"}],"author":[{"embeddable":true,"href":"https:\/\/guiadenoticias.com.ar\/diario\/wp-json\/wp\/v2\/users\/1"}],"replies":[{"embeddable":true,"href":"https:\/\/guiadenoticias.com.ar\/diario\/wp-json\/wp\/v2\/comments?post=17713"}],"version-history":[{"count":1,"href":"https:\/\/guiadenoticias.com.ar\/diario\/wp-json\/wp\/v2\/posts\/17713\/revisions"}],"predecessor-version":[{"id":17715,"href":"https:\/\/guiadenoticias.com.ar\/diario\/wp-json\/wp\/v2\/posts\/17713\/revisions\/17715"}],"wp:featuredmedia":[{"embeddable":true,"href":"https:\/\/guiadenoticias.com.ar\/diario\/wp-json\/wp\/v2\/media\/17717"}],"wp:attachment":[{"href":"https:\/\/guiadenoticias.com.ar\/diario\/wp-json\/wp\/v2\/media?parent=17713"}],"wp:term":[{"taxonomy":"category","embeddable":true,"href":"https:\/\/guiadenoticias.com.ar\/diario\/wp-json\/wp\/v2\/categories?post=17713"},{"taxonomy":"post_tag","embeddable":true,"href":"https:\/\/guiadenoticias.com.ar\/diario\/wp-json\/wp\/v2\/tags?post=17713"}],"curies":[{"name":"wp","href":"https:\/\/api.w.org\/{rel}","templated":true}]}}